{"id":9810,"date":"2018-09-04T14:39:02","date_gmt":"2018-09-04T12:39:02","guid":{"rendered":"https:\/\/www.savethedeco.com\/blog\/?p=9810"},"modified":"2021-06-23T13:20:01","modified_gmt":"2021-06-23T11:20:01","slug":"inspiration-decoration-danniversaire-fille-pour-mes-18-ans","status":"publish","type":"post","link":"https:\/\/www.savethedeco.com\/blog\/inspiration-decoration-danniversaire-fille-pour-mes-18-ans\/","title":{"rendered":"Inspiration : D\u00e9coration d&rsquo;anniversaire fille pour mes 18 ans !"},"content":{"rendered":"<p>F\u00eater ses 18 ans c&rsquo;est TOP, bien d\u00e9corer sa f\u00eate d&rsquo;anniversaire c&rsquo;est MIEUX \ud83d\ude42<\/p>\n<p>Nous avons rassembl\u00e9 un bon nombre de photos d&rsquo;inspiration pour vous donner une id\u00e9e de ce qu&rsquo;il est possible de faire tout en restant dans des choses r\u00e9alisables et sans se ruiner !<\/p>\n<p>Plut\u00f4t fille des champs ? D&rsquo;avantage fille princesse ? Nous avons d\u00e9cid\u00e9 d&rsquo;axer le th\u00e8me de la f\u00eate sous deux angles : Un f\u00eate d&rsquo;anniversaire fille version girly et un anniversaire fille version florale.<\/p>\n<p>A d\u00e9faut d&rsquo;avoir r\u00e9alis\u00e9 un shooting d&rsquo;inspiration, nous partirons sur des superbes images de d\u00e9coration de f\u00eate d&rsquo;anniversaire auxquelles vous pouvez imaginer rajouter des ballons, des bougies ou m\u00eame des animations en relation avec les chiffres de l&rsquo;\u00e2ge de la star du jour.<\/p>\n<h2 style=\"text-align: center;\"><img decoding=\"async\" loading=\"lazy\" class=\"alignnone wp-image-9928 size-full\" src=\"https:\/\/www.savethedeco.com\/blog\/wp-content\/uploads\/2018\/09\/girly-1.png\" alt=\"\" width=\"562\" height=\"162\" srcset=\"https:\/\/www.savethedeco.com\/blog\/wp-content\/uploads\/2018\/09\/girly-1.png 562w, https:\/\/www.savethedeco.com\/blog\/wp-content\/uploads\/2018\/09\/girly-1-300x86.png 300w\" sizes=\"(max-width: 562px) 100vw, 562px\" \/><\/h2>\n<p>Place au rose et \u00e0 tout ce qui brille, parce qu&rsquo;\u00e0 18 ans, on veut na\u00eetre, \u00eatre et rester une vraie princesse \u00e0 VIE !<\/p>\n<figure id=\"attachment_9834\" aria-describedby=\"caption-attachment-9834\" style=\"width: 481px\" class=\"wp-caption aligncenter\"><img decoding=\"async\" loading=\"lazy\" class=\"wp-image-9834\" src=\"https:\/\/www.savethedeco.com\/blog\/wp-content\/uploads\/2018\/08\/barbe-\u00e0-papa-rose.jpg\" alt=\"\" width=\"481\" height=\"719\" srcset=\"https:\/\/www.savethedeco.com\/blog\/wp-content\/uploads\/2018\/08\/barbe-\u00e0-papa-rose.jpg 905w, https:\/\/www.savethedeco.com\/blog\/wp-content\/uploads\/2018\/08\/barbe-\u00e0-papa-rose-201x300.jpg 201w, https:\/\/www.savethedeco.com\/blog\/wp-content\/uploads\/2018\/08\/barbe-\u00e0-papa-rose-768x1148.jpg 768w, https:\/\/www.savethedeco.com\/blog\/wp-content\/uploads\/2018\/08\/barbe-\u00e0-papa-rose-685x1024.jpg 685w, https:\/\/www.savethedeco.com\/blog\/wp-content\/uploads\/2018\/08\/barbe-\u00e0-papa-rose-809x1209.jpg 809w\" sizes=\"(max-width: 481px) 100vw, 481px\" \/><figcaption id=\"caption-attachment-9834\" class=\"wp-caption-text\">Credit photo : Pinterest<\/figcaption><\/figure>\n<p><img decoding=\"async\" loading=\"lazy\" class=\" wp-image-9847 aligncenter\" src=\"https:\/\/www.savethedeco.com\/blog\/wp-content\/uploads\/2018\/08\/d\u00e9co.png\" alt=\"\" width=\"546\" height=\"105\" srcset=\"https:\/\/www.savethedeco.com\/blog\/wp-content\/uploads\/2018\/08\/d\u00e9co.png 687w, https:\/\/www.savethedeco.com\/blog\/wp-content\/uploads\/2018\/08\/d\u00e9co-300x58.png 300w\" sizes=\"(max-width: 546px) 100vw, 546px\" \/><\/p>\n<figure id=\"attachment_9844\" aria-describedby=\"caption-attachment-9844\" style=\"width: 481px\" class=\"wp-caption aligncenter\"><img decoding=\"async\" loading=\"lazy\" class=\"wp-image-9844\" src=\"https:\/\/www.savethedeco.com\/blog\/wp-content\/uploads\/2018\/08\/anniversaire-girly.jpg\" alt=\"\" width=\"481\" height=\"722\" srcset=\"https:\/\/www.savethedeco.com\/blog\/wp-content\/uploads\/2018\/08\/anniversaire-girly.jpg 580w, https:\/\/www.savethedeco.com\/blog\/wp-content\/uploads\/2018\/08\/anniversaire-girly-200x300.jpg 200w\" sizes=\"(max-width: 481px) 100vw, 481px\" \/><figcaption id=\"caption-attachment-9844\" class=\"wp-caption-text\">Credit photo : monbebecheri<\/figcaption><\/figure>\n<p>Pour la d\u00e9co, c&rsquo;est simple, il faut du rose \u00e0 gogo ! Alors il peut y avoir des variantes de rose \u00e7a peut \u00eatre tr\u00e8s canon aussi ! D\u00e9grad\u00e9s, mais aussi cama\u00efeu de rose, c&rsquo;est super joli !<\/p>\n<p>De jolies <strong>guirlandes \u00e0 franges<\/strong> suspendues un peu partout, <strong>des rosaces<\/strong>, <strong>des ballons<\/strong>&#8230;<\/p>\n<figure id=\"attachment_9837\" aria-describedby=\"caption-attachment-9837\" style=\"width: 481px\" class=\"wp-caption aligncenter\"><img decoding=\"async\" loading=\"lazy\" class=\"wp-image-9837\" src=\"https:\/\/www.savethedeco.com\/blog\/wp-content\/uploads\/2018\/08\/guirlande-fuschia.jpg\" alt=\"\" width=\"481\" height=\"601\" srcset=\"https:\/\/www.savethedeco.com\/blog\/wp-content\/uploads\/2018\/08\/guirlande-fuschia.jpg 600w, https:\/\/www.savethedeco.com\/blog\/wp-content\/uploads\/2018\/08\/guirlande-fuschia-240x300.jpg 240w\" sizes=\"(max-width: 481px) 100vw, 481px\" \/><figcaption id=\"caption-attachment-9837\" class=\"wp-caption-text\">Credit photo : ohhappyday<\/figcaption><\/figure>\n<p>Faites p\u00e9ter <strong>les confettis<\/strong>! Les moments festifs se doivent d&rsquo;\u00eatre c\u00e9l\u00e9br\u00e9s par des canons qui explosent !<\/p>\n<p><strong>Les boules alv\u00e9ol\u00e9es<\/strong>\u00a0volumineuses et de toutes les tailles, \u00e9parpill\u00e9es&#8230;elles donnent un effet fou \u00e0 votre d\u00e9co !<\/p>\n<figure id=\"attachment_9926\" aria-describedby=\"caption-attachment-9926\" style=\"width: 481px\" class=\"wp-caption aligncenter\"><img decoding=\"async\" loading=\"lazy\" class=\"wp-image-9926\" src=\"https:\/\/www.savethedeco.com\/blog\/wp-content\/uploads\/2018\/09\/boule-alv\u00e9ol\u00e9e-tassel-dor\u00e9e-1.jpg\" alt=\"\" width=\"481\" height=\"717\" srcset=\"https:\/\/www.savethedeco.com\/blog\/wp-content\/uploads\/2018\/09\/boule-alv\u00e9ol\u00e9e-tassel-dor\u00e9e-1.jpg 530w, https:\/\/www.savethedeco.com\/blog\/wp-content\/uploads\/2018\/09\/boule-alv\u00e9ol\u00e9e-tassel-dor\u00e9e-1-201x300.jpg 201w\" sizes=\"(max-width: 481px) 100vw, 481px\" \/><figcaption id=\"caption-attachment-9926\" class=\"wp-caption-text\">Credit photo : Pinterest<\/figcaption><\/figure>\n<figure id=\"attachment_9909\" aria-describedby=\"caption-attachment-9909\" style=\"width: 750px\" class=\"wp-caption aligncenter\"><img decoding=\"async\" loading=\"lazy\" class=\"size-full wp-image-9909\" src=\"https:\/\/www.savethedeco.com\/blog\/wp-content\/uploads\/2018\/08\/boules-alv\u00e9ol\u00e9es-girly.jpg\" alt=\"\" width=\"750\" height=\"422\" srcset=\"https:\/\/www.savethedeco.com\/blog\/wp-content\/uploads\/2018\/08\/boules-alv\u00e9ol\u00e9es-girly.jpg 750w, https:\/\/www.savethedeco.com\/blog\/wp-content\/uploads\/2018\/08\/boules-alv\u00e9ol\u00e9es-girly-300x169.jpg 300w\" sizes=\"(max-width: 750px) 100vw, 750px\" \/><figcaption id=\"caption-attachment-9909\" class=\"wp-caption-text\">Credit photo : Pinterest<\/figcaption><\/figure>\n<p>Accrochez de jolies <strong>guirlandes tassel \u00e0 vos boules alv\u00e9ol\u00e9es<\/strong> !<\/p>\n<p><img decoding=\"async\" loading=\"lazy\" class=\"aligncenter wp-image-9914\" src=\"https:\/\/www.savethedeco.com\/blog\/wp-content\/uploads\/2018\/08\/ambiance-girly-1.jpg\" alt=\"\" width=\"481\" height=\"722\" srcset=\"https:\/\/www.savethedeco.com\/blog\/wp-content\/uploads\/2018\/08\/ambiance-girly-1.jpg 526w, https:\/\/www.savethedeco.com\/blog\/wp-content\/uploads\/2018\/08\/ambiance-girly-1-200x300.jpg 200w\" sizes=\"(max-width: 481px) 100vw, 481px\" \/><\/p>\n<p>Autre possibilit\u00e9 de d\u00e9cor, laissez place \u00e0 votre imagination et cr\u00e9ez une belle grappe bien fournie de ballons color\u00e9s ! Du fil de p\u00eache, un bon gonfleur et un peu d&rsquo;habilit\u00e9 avec vos dix petits doigts &amp; le tour est jou\u00e9 !<\/p>\n<figure id=\"attachment_9855\" aria-describedby=\"caption-attachment-9855\" style=\"width: 481px\" class=\"wp-caption aligncenter\"><img decoding=\"async\" loading=\"lazy\" class=\"wp-image-9855\" src=\"https:\/\/www.savethedeco.com\/blog\/wp-content\/uploads\/2018\/08\/arche-de-ballons.jpg\" alt=\"\" width=\"481\" height=\"722\" srcset=\"https:\/\/www.savethedeco.com\/blog\/wp-content\/uploads\/2018\/08\/arche-de-ballons.jpg 500w, https:\/\/www.savethedeco.com\/blog\/wp-content\/uploads\/2018\/08\/arche-de-ballons-200x300.jpg 200w\" sizes=\"(max-width: 481px) 100vw, 481px\" \/><figcaption id=\"caption-attachment-9855\" class=\"wp-caption-text\">Credit photo : thehousethatlarsbuilt.com<\/figcaption><\/figure>\n<p>Fabriquez votre d\u00e9co ! Accrochez de <strong>jolis ballons c\u0153ur<\/strong> \u00e0 vos <strong>pailles<\/strong> &#8211; aid\u00e9 d&rsquo;un joli ruban, l&rsquo;ensemble donnera un esprit tr\u00e8s f\u00e9erique dont on ne se lasse jamais. D\u00e9corez vos <strong>petites bouteilles<\/strong> de stickers.<\/p>\n<figure id=\"attachment_9911\" aria-describedby=\"caption-attachment-9911\" style=\"width: 481px\" class=\"wp-caption aligncenter\"><img decoding=\"async\" loading=\"lazy\" class=\"wp-image-9911\" src=\"https:\/\/www.savethedeco.com\/blog\/wp-content\/uploads\/2018\/08\/cadeaux-surprise.jpg\" alt=\"\" width=\"481\" height=\"719\" srcset=\"https:\/\/www.savethedeco.com\/blog\/wp-content\/uploads\/2018\/08\/cadeaux-surprise.jpg 2592w, https:\/\/www.savethedeco.com\/blog\/wp-content\/uploads\/2018\/08\/cadeaux-surprise-201x300.jpg 201w, https:\/\/www.savethedeco.com\/blog\/wp-content\/uploads\/2018\/08\/cadeaux-surprise-768x1147.jpg 768w, https:\/\/www.savethedeco.com\/blog\/wp-content\/uploads\/2018\/08\/cadeaux-surprise-685x1024.jpg 685w, https:\/\/www.savethedeco.com\/blog\/wp-content\/uploads\/2018\/08\/cadeaux-surprise-809x1209.jpg 809w\" sizes=\"(max-width: 481px) 100vw, 481px\" \/><figcaption id=\"caption-attachment-9911\" class=\"wp-caption-text\">Credit photo : Pinterest<\/figcaption><\/figure>\n<p>Autre id\u00e9e au TOP : cr\u00e9ez un fond en <strong>pompons roses<\/strong> et faites une forme sympa ! Ici c&rsquo;est un c\u0153ur qui a \u00e9t\u00e9 form\u00e9 et c&rsquo;est trop canon !<\/p>\n<figure id=\"attachment_9917\" aria-describedby=\"caption-attachment-9917\" style=\"width: 481px\" class=\"wp-caption aligncenter\"><img decoding=\"async\" loading=\"lazy\" class=\"wp-image-9917\" src=\"https:\/\/www.savethedeco.com\/blog\/wp-content\/uploads\/2018\/09\/d\u00e9coration-pompons-roses.jpg\" alt=\"\" width=\"481\" height=\"722\" srcset=\"https:\/\/www.savethedeco.com\/blog\/wp-content\/uploads\/2018\/09\/d\u00e9coration-pompons-roses.jpg 570w, https:\/\/www.savethedeco.com\/blog\/wp-content\/uploads\/2018\/09\/d\u00e9coration-pompons-roses-200x300.jpg 200w\" sizes=\"(max-width: 481px) 100vw, 481px\" \/><figcaption id=\"caption-attachment-9917\" class=\"wp-caption-text\">Credit photo : 100layercake<\/figcaption><\/figure>\n<p>En l&rsquo;air comme au sol, les ballons&#8230;.y&rsquo;a que \u00e7a de vrai !<\/p>\n<figure id=\"attachment_9901\" aria-describedby=\"caption-attachment-9901\" style=\"width: 481px\" class=\"wp-caption aligncenter\"><img decoding=\"async\" loading=\"lazy\" class=\"wp-image-9901\" src=\"https:\/\/www.savethedeco.com\/blog\/wp-content\/uploads\/2018\/08\/decoration-ballons-roses-1.jpg\" alt=\"\" width=\"481\" height=\"665\" srcset=\"https:\/\/www.savethedeco.com\/blog\/wp-content\/uploads\/2018\/08\/decoration-ballons-roses-1.jpg 600w, https:\/\/www.savethedeco.com\/blog\/wp-content\/uploads\/2018\/08\/decoration-ballons-roses-1-217x300.jpg 217w\" sizes=\"(max-width: 481px) 100vw, 481px\" \/><figcaption id=\"caption-attachment-9901\" class=\"wp-caption-text\">Credit photo : ohhappyday.com<\/figcaption><\/figure>\n<h2 style=\"text-align: center;\"><img decoding=\"async\" loading=\"lazy\" class=\"alignnone wp-image-9920 size-full\" src=\"https:\/\/www.savethedeco.com\/blog\/wp-content\/uploads\/2018\/09\/floral.png\" alt=\"\" width=\"640\" height=\"167\" srcset=\"https:\/\/www.savethedeco.com\/blog\/wp-content\/uploads\/2018\/09\/floral.png 640w, https:\/\/www.savethedeco.com\/blog\/wp-content\/uploads\/2018\/09\/floral-300x78.png 300w\" sizes=\"(max-width: 640px) 100vw, 640px\" \/><\/h2>\n<p>Girly, certes, mais plus ax\u00e9 floral, c&rsquo;est bien aussi \ud83d\ude42 Tout est une histoire de go\u00fbt et surtout d&rsquo;envie !<\/p>\n<p>M\u00ealez de jolies guirlandes de feuilles, d&rsquo;eucalyptus ou de jolies fleurs des champs&#8230;le m\u00e9lange est \u00e0 tomber ! De jolies petites <strong>guirlandes de pompons ronds<\/strong>, des <strong>guirlandes de fanions<\/strong>, des <strong>rubans suspendus<\/strong>&#8230;un tas de supers id\u00e9es s&rsquo;offrent \u00e0 vous !<\/p>\n<figure id=\"attachment_9823\" aria-describedby=\"caption-attachment-9823\" style=\"width: 481px\" class=\"wp-caption aligncenter\"><img decoding=\"async\" loading=\"lazy\" class=\"wp-image-9823\" src=\"https:\/\/www.savethedeco.com\/blog\/wp-content\/uploads\/2018\/08\/deco-florale.jpg\" alt=\"\" width=\"481\" height=\"722\" srcset=\"https:\/\/www.savethedeco.com\/blog\/wp-content\/uploads\/2018\/08\/deco-florale.jpg 564w, https:\/\/www.savethedeco.com\/blog\/wp-content\/uploads\/2018\/08\/deco-florale-200x300.jpg 200w\" sizes=\"(max-width: 481px) 100vw, 481px\" \/><figcaption id=\"caption-attachment-9823\" class=\"wp-caption-text\">Credit photo : ideas-para.com<\/figcaption><\/figure>\n<h2 style=\"text-align: center;\"><img decoding=\"async\" loading=\"lazy\" class=\"alignnone wp-image-9883\" src=\"https:\/\/www.savethedeco.com\/blog\/wp-content\/uploads\/2018\/08\/d\u00e9co-florale.png\" alt=\"\" width=\"485\" height=\"113\" srcset=\"https:\/\/www.savethedeco.com\/blog\/wp-content\/uploads\/2018\/08\/d\u00e9co-florale.png 566w, https:\/\/www.savethedeco.com\/blog\/wp-content\/uploads\/2018\/08\/d\u00e9co-florale-300x70.png 300w\" sizes=\"(max-width: 485px) 100vw, 485px\" \/><\/h2>\n<p>\u00c9parpillez de jolies fleurs partout sur votre table, au mur, m\u00eal\u00e9e \u00e0 votre d\u00e9co ! On adore ! Placez votre v\u00e9g\u00e9tation dans de beaux r\u00e9cipients, <strong>vases<\/strong>, contenants en verres&#8230; Printani\u00e8res, plut\u00f4t color\u00e9es, faites selon votre go\u00fbt ! C&rsquo;est vous la star, OUI ou NON !<\/p>\n<figure id=\"attachment_9831\" aria-describedby=\"caption-attachment-9831\" style=\"width: 481px\" class=\"wp-caption aligncenter\"><img decoding=\"async\" loading=\"lazy\" class=\"wp-image-9831\" src=\"https:\/\/www.savethedeco.com\/blog\/wp-content\/uploads\/2018\/08\/jolies-fleurs-vase.jpg\" alt=\"\" width=\"481\" height=\"657\" srcset=\"https:\/\/www.savethedeco.com\/blog\/wp-content\/uploads\/2018\/08\/jolies-fleurs-vase.jpg 650w, https:\/\/www.savethedeco.com\/blog\/wp-content\/uploads\/2018\/08\/jolies-fleurs-vase-220x300.jpg 220w\" sizes=\"(max-width: 481px) 100vw, 481px\" \/><figcaption id=\"caption-attachment-9831\" class=\"wp-caption-text\">Credit photo : Pinterest<\/figcaption><\/figure>\n<p>Vos fleurs et autres petites touches de verdures pourront trouver leur place dans de belles guirlandes de ballons&#8230;tellement \u00e9l\u00e9gant et frais ! En touches de rappel, ou plus marqu\u00e9es, laissez les fleurs parler d&rsquo;elles-m\u00eames!<\/p>\n<figure id=\"attachment_9840\" aria-describedby=\"caption-attachment-9840\" style=\"width: 481px\" class=\"wp-caption aligncenter\"><img decoding=\"async\" loading=\"lazy\" class=\"wp-image-9840\" src=\"https:\/\/www.savethedeco.com\/blog\/wp-content\/uploads\/2018\/08\/286039_pink-makes-me-happy-wedding-ideas.jpg\" alt=\"\" width=\"481\" height=\"722\" srcset=\"https:\/\/www.savethedeco.com\/blog\/wp-content\/uploads\/2018\/08\/286039_pink-makes-me-happy-wedding-ideas.jpg 548w, https:\/\/www.savethedeco.com\/blog\/wp-content\/uploads\/2018\/08\/286039_pink-makes-me-happy-wedding-ideas-200x300.jpg 200w\" sizes=\"(max-width: 481px) 100vw, 481px\" \/><figcaption id=\"caption-attachment-9840\" class=\"wp-caption-text\">Credit photo : weddingchicks.com<\/figcaption><\/figure>\n<p>Autre astuce toute mignonne &#8211; \u00e0 d\u00e9faut d&rsquo;avoir de vraies plantes ou fleurs, utilisez des <strong>fleurs en papier<\/strong> que vous pouvez accrocher au mur! Le r\u00e9sultat est carr\u00e9ment sympa et tr\u00e8s frais !<\/p>\n<figure id=\"attachment_9903\" aria-describedby=\"caption-attachment-9903\" style=\"width: 481px\" class=\"wp-caption aligncenter\"><img decoding=\"async\" loading=\"lazy\" class=\"wp-image-9903\" src=\"https:\/\/www.savethedeco.com\/blog\/wp-content\/uploads\/2018\/08\/decoration-girly-flowers.jpg\" alt=\"\" width=\"481\" height=\"722\" srcset=\"https:\/\/www.savethedeco.com\/blog\/wp-content\/uploads\/2018\/08\/decoration-girly-flowers.jpg 750w, https:\/\/www.savethedeco.com\/blog\/wp-content\/uploads\/2018\/08\/decoration-girly-flowers-200x300.jpg 200w, https:\/\/www.savethedeco.com\/blog\/wp-content\/uploads\/2018\/08\/decoration-girly-flowers-683x1024.jpg 683w\" sizes=\"(max-width: 481px) 100vw, 481px\" \/><figcaption id=\"caption-attachment-9903\" class=\"wp-caption-text\">Credit photo : Pinterest<\/figcaption><\/figure>\n<p>Autre petite astuce d\u00e9co, suspendez au-dessus de votre table, en guise de d\u00e9co, de beaux <strong>gros ballons de 1m<\/strong> de la couleur que vous souhaitez. Gonflez les \u00e0 l&rsquo;h\u00e9lium afin qu&rsquo;ils tiennent en l&rsquo;air et suspendez-y de jolies<strong> feuilles tropicales<\/strong> ! En un rien de temps votre d\u00e9co va prendre une tournure tropicale et tr\u00e8s f\u00e9minine vraiment r\u00e9ussie !<\/p>\n<figure id=\"attachment_9833\" aria-describedby=\"caption-attachment-9833\" style=\"width: 750px\" class=\"wp-caption aligncenter\"><img decoding=\"async\" loading=\"lazy\" class=\"size-full wp-image-9833\" src=\"https:\/\/www.savethedeco.com\/blog\/wp-content\/uploads\/2018\/08\/d\u00e9coration-ballon-anniversaire-touche-tropicale.jpg\" alt=\"\" width=\"750\" height=\"500\" srcset=\"https:\/\/www.savethedeco.com\/blog\/wp-content\/uploads\/2018\/08\/d\u00e9coration-ballon-anniversaire-touche-tropicale.jpg 750w, https:\/\/www.savethedeco.com\/blog\/wp-content\/uploads\/2018\/08\/d\u00e9coration-ballon-anniversaire-touche-tropicale-300x200.jpg 300w\" sizes=\"(max-width: 750px) 100vw, 750px\" \/><figcaption id=\"caption-attachment-9833\" class=\"wp-caption-text\">Credit photo : Pinterest<\/figcaption><\/figure>\n<p>Axez votre d\u00e9coration de table sur de la fleur \u00e0 gogo ! Mais pas de la fleur kitch, de la <strong>petite fleur des champs<\/strong>!\u00a0\u2661 Une jolie collection florale qui respire la f\u00e9minit\u00e9 et la fra\u00eecheur des 18 printemps!<\/p>\n<p>Pas seulement en d\u00e9coration d&rsquo;espace, le rose peut \u00eatre per\u00e7u dans de la vaisselle jetable : <strong>assiettes hexagonales<\/strong>, <strong>serviettes fleuries aux bordures rose gold<\/strong>, <strong>gobelets \u00e0 pois rose gold<\/strong>, <strong>petite guirlande de fleurs rose gold<\/strong>&#8230;<\/p>\n<figure id=\"attachment_9875\" aria-describedby=\"caption-attachment-9875\" style=\"width: 481px\" class=\"wp-caption aligncenter\"><img decoding=\"async\" loading=\"lazy\" class=\"wp-image-9875\" src=\"https:\/\/www.savethedeco.com\/blog\/wp-content\/uploads\/2018\/08\/collection-florale.jpg\" alt=\"\" width=\"481\" height=\"680\" srcset=\"https:\/\/www.savethedeco.com\/blog\/wp-content\/uploads\/2018\/08\/collection-florale.jpg 1131w, https:\/\/www.savethedeco.com\/blog\/wp-content\/uploads\/2018\/08\/collection-florale-212x300.jpg 212w, https:\/\/www.savethedeco.com\/blog\/wp-content\/uploads\/2018\/08\/collection-florale-768x1086.jpg 768w, https:\/\/www.savethedeco.com\/blog\/wp-content\/uploads\/2018\/08\/collection-florale-724x1024.jpg 724w, https:\/\/www.savethedeco.com\/blog\/wp-content\/uploads\/2018\/08\/collection-florale-809x1144.jpg 809w\" sizes=\"(max-width: 481px) 100vw, 481px\" \/><figcaption id=\"caption-attachment-9875\" class=\"wp-caption-text\">Credit photo : savethedeco<\/figcaption><\/figure>\n<p><img decoding=\"async\" loading=\"lazy\" class=\" wp-image-9879 aligncenter\" src=\"https:\/\/www.savethedeco.com\/blog\/wp-content\/uploads\/2018\/08\/18-ans.jpg\" alt=\"\" width=\"620\" height=\"99\" srcset=\"https:\/\/www.savethedeco.com\/blog\/wp-content\/uploads\/2018\/08\/18-ans.jpg 827w, https:\/\/www.savethedeco.com\/blog\/wp-content\/uploads\/2018\/08\/18-ans-300x48.jpg 300w, https:\/\/www.savethedeco.com\/blog\/wp-content\/uploads\/2018\/08\/18-ans-768x123.jpg 768w, https:\/\/www.savethedeco.com\/blog\/wp-content\/uploads\/2018\/08\/18-ans-809x129.jpg 809w\" sizes=\"(max-width: 620px) 100vw, 620px\" \/><\/p>\n<p>Bon sans se mettre minable, c&rsquo;est peut \u00eatre l&rsquo;occasion de go\u00fbter un bon petit cocktail de filles, sp\u00e9cialement con\u00e7u pour l&rsquo;occas&rsquo; ! Et puis l\u00e0, pour les 2 th\u00e8mes, le rose est de rigueur ! Princesse jusqu&rsquo;au bout !<\/p>\n<p><img decoding=\"async\" loading=\"lazy\" class=\"aligncenter wp-image-9826 size-full\" src=\"https:\/\/www.savethedeco.com\/blog\/wp-content\/uploads\/2018\/08\/ap\u00e9ritif-rose-1.jpg\" alt=\"\" width=\"481\" height=\"725\" srcset=\"https:\/\/www.savethedeco.com\/blog\/wp-content\/uploads\/2018\/08\/ap\u00e9ritif-rose-1.jpg 481w, https:\/\/www.savethedeco.com\/blog\/wp-content\/uploads\/2018\/08\/ap\u00e9ritif-rose-1-199x300.jpg 199w\" sizes=\"(max-width: 481px) 100vw, 481px\" \/><\/p>\n<p><strong>SANS ALCOOL<\/strong><\/p>\n<p style=\"text-align: left;\">Voici la recette d&rsquo;une <strong>limonade ros\u00e9e<\/strong> tr\u00e8s facile \u00e0 r\u00e9aliser que j&rsquo;ai trouver sur le site <em><strong>-&gt; Popandsoda &lt;-<\/strong><\/em> pour un cocktail fou et hyper joliiii.<\/p>\n<div class=\"blog-yumprint-ingredient-section\">\n<div class=\"blog-yumprint-subheader\">INGR\u00c9DIENTS<\/div>\n<ol class=\"blog-yumprint-ingredients\">\n<li class=\"blog-yumprint-ingredient-item\">&#8211; 225ml de jus de citron (\u00e9quivalent \u00e0 4 gros citrons soit une tasse)<\/li>\n<li class=\"blog-yumprint-ingredient-item\">&#8211; 5 tasses d&rsquo;eau (soit environ 1l + 125ml)<\/li>\n<li class=\"blog-yumprint-ingredient-item\">&#8211; 125gr de sucre<\/li>\n<li class=\"blog-yumprint-ingredient-item\">&#8211; Pour une limonade ros\u00e9e : 1\/2 tasse de jus de canneberge<\/li>\n<\/ol>\n<\/div>\n<div class=\"blog-yumprint-method-section\">\n<div class=\"blog-yumprint-subheader\">INSTRUCTIONS<\/div>\n<ol class=\"blog-yumprint-methods\">\n<li class=\"blog-yumprint-method-item\">Presser les citrons pour en extraire le jus<\/li>\n<li class=\"blog-yumprint-method-item\">Dans une casserole, amener 225ml d&rsquo;eau (1 tasse) \u00e0 \u00e9bullition avec le sucre et bien diluer pour en faire un sirop<\/li>\n<li class=\"blog-yumprint-method-item\">Verser le sirop dans un pichet, ajouter le jus de citron, le reste d&rsquo;eau et le jus de canneberge.<\/li>\n<li class=\"blog-yumprint-method-item\">Laisser reposer au frigo 2 heures<\/li>\n<li class=\"blog-yumprint-method-item\">Servir bien frais avec des gla\u00e7ons et une tranche de citron.<\/li>\n<\/ol>\n<p>Bonne d\u00e9gustation !<\/p>\n<\/div>\n<figure id=\"attachment_9828\" aria-describedby=\"caption-attachment-9828\" style=\"width: 481px\" class=\"wp-caption aligncenter\"><img decoding=\"async\" loading=\"lazy\" class=\"wp-image-9828\" src=\"https:\/\/www.savethedeco.com\/blog\/wp-content\/uploads\/2018\/08\/bouteilles-sirop.jpg\" alt=\"\" width=\"481\" height=\"745\" srcset=\"https:\/\/www.savethedeco.com\/blog\/wp-content\/uploads\/2018\/08\/bouteilles-sirop.jpg 323w, https:\/\/www.savethedeco.com\/blog\/wp-content\/uploads\/2018\/08\/bouteilles-sirop-194x300.jpg 194w\" sizes=\"(max-width: 481px) 100vw, 481px\" \/><figcaption id=\"caption-attachment-9828\" class=\"wp-caption-text\">Credit photo : inspiredbythis.com<\/figcaption><\/figure>\n<figure id=\"attachment_9829\" aria-describedby=\"caption-attachment-9829\" style=\"width: 481px\" class=\"wp-caption aligncenter\"><img decoding=\"async\" loading=\"lazy\" class=\"wp-image-9829\" src=\"https:\/\/www.savethedeco.com\/blog\/wp-content\/uploads\/2018\/08\/joli-cocktail-rose-et-fleurs.jpg\" alt=\"\" width=\"481\" height=\"721\" srcset=\"https:\/\/www.savethedeco.com\/blog\/wp-content\/uploads\/2018\/08\/joli-cocktail-rose-et-fleurs.jpg 683w, https:\/\/www.savethedeco.com\/blog\/wp-content\/uploads\/2018\/08\/joli-cocktail-rose-et-fleurs-200x300.jpg 200w\" sizes=\"(max-width: 481px) 100vw, 481px\" \/><figcaption id=\"caption-attachment-9829\" class=\"wp-caption-text\">Credit photo : feastingathome.com<\/figcaption><\/figure>\n<figure id=\"attachment_9888\" aria-describedby=\"caption-attachment-9888\" style=\"width: 481px\" class=\"wp-caption aligncenter\"><img decoding=\"async\" loading=\"lazy\" class=\"wp-image-9888\" src=\"https:\/\/www.savethedeco.com\/blog\/wp-content\/uploads\/2018\/08\/cokctail-rose.jpg\" alt=\"\" width=\"481\" height=\"722\" srcset=\"https:\/\/www.savethedeco.com\/blog\/wp-content\/uploads\/2018\/08\/cokctail-rose.jpg 620w, https:\/\/www.savethedeco.com\/blog\/wp-content\/uploads\/2018\/08\/cokctail-rose-200x300.jpg 200w\" sizes=\"(max-width: 481px) 100vw, 481px\" \/><figcaption id=\"caption-attachment-9888\" class=\"wp-caption-text\">Credit photo : wantthatwedding.co.uk<\/figcaption><\/figure>\n<p>Recette d&rsquo;un super cocktail au prosecco trouv\u00e9e sur le site <em><strong>-&gt; Cuisinemoiunmouton.com &lt;<\/strong><\/em>&#8211;<\/p>\n<p><strong>ALCOOL LEGER<\/strong><\/p>\n<div class=\"ingredients-container\">\n<h4 class=\"pf-delete\">Ingr\u00e9dients<\/h4>\n<ul class=\"ingredients\">\n<li class=\"\">Prosecco\u00a0&#8211; 1 bouteille<\/li>\n<li class=\"\">Jus de litchi\u00a0&#8211; 4 c\u00e0s par verre<\/li>\n<li class=\"\">Eau de rose\u00a0&#8211; 2 c\u00e0c par verre<\/li>\n<li class=\"\">Litchi\u00a0&#8211; 1 par verre<\/li>\n<\/ul>\n<\/div>\n<h4 class=\"\">Recette<\/h4>\n<div class=\"instructions\">\n<p class=\"\">Dans cette recette vous pouvez acheter du jus de litchi et des litchis frais pour la d\u00e9co (ou faire vous m\u00eame votre propre jus).<br \/>\nSinon vous pouvez acheter 2 bo\u00eetes de conserve de litchi et utiliser le jus de la bo\u00eete et les litchis en d\u00e9co dans le fond du verre mais c&rsquo;est moins fort en go\u00fbt.<\/p>\n<ul>\n<li class=\"\">Dans chaque verre, verser le Prosecco jusqu&rsquo;au 3\/4 du verre<\/li>\n<li class=\"\">Compl\u00e9ter par le litchi<\/li>\n<li class=\"\">Terminer par l&rsquo;eau de rose<\/li>\n<li class=\"\">Placer un litchi au fond de chaque verre<\/li>\n<\/ul>\n<p class=\"\">Si vous voulez avoir davantage la pr\u00e9sence du litchi et un cocktail plus sucr\u00e9 je vous conseille de verser le Prosecco jusqu&rsquo;\u00e0 la moiti\u00e9 du verre et de compl\u00e9ter par le litchi et l&rsquo;eau de rose comme pr\u00e9c\u00e9demment.<br \/>\nJ&rsquo;ai fait les deux et je pr\u00e9f\u00e8re quand le Prosecco est plus pr\u00e9sent (mon ch\u00e9ri pr\u00e9f\u00e8re l&rsquo;inverse&#8230; alors \u00e0 vous de voir)<\/p>\n<p class=\"\">\u00c9videmment je n&rsquo;ai pas obtenu la couleur rose comme par magie :-)!!<br \/>\nPour obtenir du rose il suffit de verser \u00e0 peine quelques gouttes de grenade (tr\u00e8s peu) ou la pointe d&rsquo;un couteau de colorant alimentaire rose.<\/p>\n<p class=\"\">Bonne d\u00e9gustation!<\/p>\n<\/div>\n<p><img decoding=\"async\" loading=\"lazy\" class=\" wp-image-9885 aligncenter\" src=\"https:\/\/www.savethedeco.com\/blog\/wp-content\/uploads\/2018\/08\/miam-miam.png\" alt=\"\" width=\"261\" height=\"117\" \/><\/p>\n<p>Le dessert ? L&rsquo;occasion de faire parler la gourmande qui sommeille en chacune d&rsquo;entre nous ! Et pour ses 18 ans&#8230;c&rsquo;est plaisir g\u00e9n\u00e9ral &#8211; SANS AUCUNE LIMITE !<\/p>\n<p>G\u00e2teau ou autre gourmandise, laissez aussi parler votre imagination !<\/p>\n<figure id=\"attachment_9857\" aria-describedby=\"caption-attachment-9857\" style=\"width: 481px\" class=\"wp-caption aligncenter\"><img decoding=\"async\" loading=\"lazy\" class=\"wp-image-9857\" src=\"https:\/\/www.savethedeco.com\/blog\/wp-content\/uploads\/2018\/08\/gateau-rose-anniversaire-fille-girly-1.jpg\" alt=\"\" width=\"481\" height=\"721\" srcset=\"https:\/\/www.savethedeco.com\/blog\/wp-content\/uploads\/2018\/08\/gateau-rose-anniversaire-fille-girly-1.jpg 1000w, https:\/\/www.savethedeco.com\/blog\/wp-content\/uploads\/2018\/08\/gateau-rose-anniversaire-fille-girly-1-200x300.jpg 200w, https:\/\/www.savethedeco.com\/blog\/wp-content\/uploads\/2018\/08\/gateau-rose-anniversaire-fille-girly-1-768x1151.jpg 768w, https:\/\/www.savethedeco.com\/blog\/wp-content\/uploads\/2018\/08\/gateau-rose-anniversaire-fille-girly-1-683x1024.jpg 683w, https:\/\/www.savethedeco.com\/blog\/wp-content\/uploads\/2018\/08\/gateau-rose-anniversaire-fille-girly-1-809x1213.jpg 809w\" sizes=\"(max-width: 481px) 100vw, 481px\" \/><figcaption id=\"caption-attachment-9857\" class=\"wp-caption-text\">Credit photo : Pinterest<\/figcaption><\/figure>\n<p>Plantez de jolis c\u0153urs dor\u00e9s dans vos savoureux cupcakes !<\/p>\n<figure id=\"attachment_9907\" aria-describedby=\"caption-attachment-9907\" style=\"width: 481px\" class=\"wp-caption aligncenter\"><img decoding=\"async\" loading=\"lazy\" class=\"wp-image-9907\" src=\"https:\/\/www.savethedeco.com\/blog\/wp-content\/uploads\/2018\/08\/cupcakes-girly.jpg\" alt=\"\" width=\"481\" height=\"719\" srcset=\"https:\/\/www.savethedeco.com\/blog\/wp-content\/uploads\/2018\/08\/cupcakes-girly.jpg 2592w, https:\/\/www.savethedeco.com\/blog\/wp-content\/uploads\/2018\/08\/cupcakes-girly-201x300.jpg 201w, https:\/\/www.savethedeco.com\/blog\/wp-content\/uploads\/2018\/08\/cupcakes-girly-768x1147.jpg 768w, https:\/\/www.savethedeco.com\/blog\/wp-content\/uploads\/2018\/08\/cupcakes-girly-685x1024.jpg 685w, https:\/\/www.savethedeco.com\/blog\/wp-content\/uploads\/2018\/08\/cupcakes-girly-809x1209.jpg 809w\" sizes=\"(max-width: 481px) 100vw, 481px\" \/><figcaption id=\"caption-attachment-9907\" class=\"wp-caption-text\">Credit photo : Pinterest<\/figcaption><\/figure>\n<p>A \u00e9tages ou non &#8211; un super g\u00e2teau fait la diff\u00e9rence au moment de la remise des cadeaux ! Pour lui donner une impression de hauteur, placez-le sur un superbe <a href=\"https:\/\/www.savethedeco.com\/bonbonnieres-et-distributeurs-a-boisson\/7459-support-a-gateaux-en-metal-dore-26-cm-3700091523453.html\" target=\"_blank\" rel=\"noopener noreferrer\"><strong>support \u00e0 g\u00e2teaux<\/strong><\/a> ou <em><strong>cake stand<\/strong><\/em> \u00e0 l&rsquo;anglaise.<\/p>\n<figure id=\"attachment_9859\" aria-describedby=\"caption-attachment-9859\" style=\"width: 481px\" class=\"wp-caption aligncenter\"><img decoding=\"async\" loading=\"lazy\" class=\"wp-image-9859\" src=\"https:\/\/www.savethedeco.com\/blog\/wp-content\/uploads\/2018\/08\/gateau-rose-girly.jpg\" alt=\"\" width=\"481\" height=\"722\" srcset=\"https:\/\/www.savethedeco.com\/blog\/wp-content\/uploads\/2018\/08\/gateau-rose-girly.jpg 600w, https:\/\/www.savethedeco.com\/blog\/wp-content\/uploads\/2018\/08\/gateau-rose-girly-200x300.jpg 200w\" sizes=\"(max-width: 481px) 100vw, 481px\" \/><figcaption id=\"caption-attachment-9859\" class=\"wp-caption-text\">Credit photo : odelices.com<\/figcaption><\/figure>\n<p>Le v\u00e9g\u00e9tal fait son grand retour sur le g\u00e2teau ! Des fleurs, du gypsophile, des fruits, d&rsquo;un g\u00e2teau plut\u00f4t basique, vous pouvez en faire une r\u00e9elle oeuvre d&rsquo;art qui ne demande qu&rsquo;\u00e0 \u00eatre d\u00e9gust\u00e9e !<\/p>\n<figure id=\"attachment_9861\" aria-describedby=\"caption-attachment-9861\" style=\"width: 481px\" class=\"wp-caption aligncenter\"><img decoding=\"async\" loading=\"lazy\" class=\"wp-image-9861\" src=\"https:\/\/www.savethedeco.com\/blog\/wp-content\/uploads\/2018\/08\/gateau-floral.jpg\" alt=\"\" width=\"481\" height=\"753\" srcset=\"https:\/\/www.savethedeco.com\/blog\/wp-content\/uploads\/2018\/08\/gateau-floral.jpg 409w, https:\/\/www.savethedeco.com\/blog\/wp-content\/uploads\/2018\/08\/gateau-floral-192x300.jpg 192w\" sizes=\"(max-width: 481px) 100vw, 481px\" \/><figcaption id=\"caption-attachment-9861\" class=\"wp-caption-text\">Credit photo : elodiesbakery.blogspot.com<\/figcaption><\/figure>\n<p>Des petites id\u00e9es de verrines, c&rsquo;est aussi plut\u00f4t f\u00e9minin et l\u00e9ger ! Parfait pour une jolie princesse qui se respecte ! [ou pas]<\/p>\n<p>Voici une recette tr\u00e8s sympa \u00e0 r\u00e9aliser pour le plaisir gustatif de vos convives trouv\u00e9e sur le site<strong> -&gt;\u00a0<em>cakesandsweets &lt;-<\/em><\/strong> :<\/p>\n<h4>Ingr\u00e9dients pour 4 verrines :<\/h4>\n<p>\u2013 150 g de framboises (fra\u00eeches ou d\u00e9congel\u00e9es)<br \/>\n\u2013 200 g de fromage blanc<br \/>\n\u2013 200 g de ricotta<br \/>\n\u2013 2 cuill\u00e8res \u00e0 caf\u00e9 d\u2019eau de rose<br \/>\n\u2013 2 cuill\u00e8res \u00e0 soupe de sirop d\u2019agave<\/p>\n<h4>Pr\u00e9paration de la Cr\u00e8me de framboise \u00e0 la rose :<\/h4>\n<p>R\u00e9servez quelques\u00a0framboises\u00a0pour la d\u00e9coration. \u00c9crasez grossi\u00e8rement les framboises restantes.<\/p>\n<p>M\u00e9langez vigoureusement le fromage blanc avec la ricotta afin d\u2019obtenir une consistance bien lisse. Ajoutez l\u2019eau de rose et le sirop d\u2019agave, m\u00e9langez \u00e0 nouveau.<br \/>\nIncorporez les framboises \u00e9cras\u00e9es.<\/p>\n<p>R\u00e9partissez cette Cr\u00e8me de framboise \u00e0 la rose dans 4 coupes ou verrines. D\u00e9corez avec quelques framboises.<\/p>\n<p>Placez la Cr\u00e8me de framboise \u00e0 la rose au frais jusqu\u2019au moment de servir.<\/p>\n<figure id=\"attachment_9864\" aria-describedby=\"caption-attachment-9864\" style=\"width: 481px\" class=\"wp-caption aligncenter\"><img decoding=\"async\" loading=\"lazy\" class=\"wp-image-9864\" src=\"https:\/\/www.savethedeco.com\/blog\/wp-content\/uploads\/2018\/08\/verrine-\u00e0-la-rose.jpg\" alt=\"\" width=\"481\" height=\"834\" srcset=\"https:\/\/www.savethedeco.com\/blog\/wp-content\/uploads\/2018\/08\/verrine-\u00e0-la-rose.jpg 290w, https:\/\/www.savethedeco.com\/blog\/wp-content\/uploads\/2018\/08\/verrine-\u00e0-la-rose-173x300.jpg 173w\" sizes=\"(max-width: 481px) 100vw, 481px\" \/><figcaption id=\"caption-attachment-9864\" class=\"wp-caption-text\">Credit photo : aunomdelarose<\/figcaption><\/figure>\n<p>&nbsp;<\/p>\n<h1 style=\"text-align: center;\"><strong>D\u00e9couvrez -&gt;\u00a0<span style=\"color: #eba4d5;\">la collection GIRLY\u00a0<\/span>&lt;-<\/strong><\/h1>\n<h1 style=\"text-align: center;\"><strong>D\u00e9couvrez -&gt; <span style=\"color: #e65eab;\">la collection GIRLY FLORALE<\/span> &lt;-<\/strong><\/h1>\n","protected":false},"excerpt":{"rendered":"<p>F\u00eater ses 18 ans c&rsquo;est TOP, bien d\u00e9corer sa f\u00eate d&rsquo;anniversaire c&rsquo;est MIEUX \ud83d\ude42 Nous avons rassembl\u00e9 un bon nombre de photos d&rsquo;inspiration pour vous &hellip; <\/p>\n","protected":false},"author":15,"featured_media":9894,"comment_status":"closed","ping_status":"closed","sticky":false,"template":"","format":"standard","meta":{"om_disable_all_campaigns":false,"_monsterinsights_skip_tracking":false,"_monsterinsights_sitenote_active":false,"_monsterinsights_sitenote_note":"","_monsterinsights_sitenote_category":0},"categories":[5],"tags":[403,20,257,127,74,404,405,88],"aioseo_notices":[],"yoast_head":"<!-- This site is optimized with the Yoast SEO plugin v20.9 - https:\/\/yoast.com\/wordpress\/plugins\/seo\/ -->\n<title>Inspiration : D\u00e9coration d&#039;anniversaire fille pour mes 18 ans ! -<\/title>\n<meta name=\"robots\" content=\"index, follow, max-snippet:-1, max-image-preview:large, max-video-preview:-1\" \/>\n<link rel=\"canonical\" href=\"https:\/\/www.savethedeco.com\/blog\/inspiration-decoration-danniversaire-fille-pour-mes-18-ans\/\" \/>\n<meta property=\"og:locale\" content=\"fr_FR\" \/>\n<meta property=\"og:type\" content=\"article\" \/>\n<meta property=\"og:title\" content=\"Inspiration : D\u00e9coration d&#039;anniversaire fille pour mes 18 ans ! -\" \/>\n<meta property=\"og:description\" content=\"F\u00eater ses 18 ans c&rsquo;est TOP, bien d\u00e9corer sa f\u00eate d&rsquo;anniversaire c&rsquo;est MIEUX \ud83d\ude42 Nous avons rassembl\u00e9 un bon nombre de photos d&rsquo;inspiration pour vous &hellip;\" \/>\n<meta property=\"og:url\" content=\"https:\/\/www.savethedeco.com\/blog\/inspiration-decoration-danniversaire-fille-pour-mes-18-ans\/\" \/>\n<meta property=\"article:published_time\" content=\"2018-09-04T12:39:02+00:00\" \/>\n<meta property=\"article:modified_time\" content=\"2021-06-23T11:20:01+00:00\" \/>\n<meta property=\"og:image\" content=\"https:\/\/www.savethedeco.com\/blog\/wp-content\/uploads\/2018\/08\/confettis-party.jpg\" \/>\n\t<meta property=\"og:image:width\" content=\"1066\" \/>\n\t<meta property=\"og:image:height\" content=\"1600\" \/>\n\t<meta property=\"og:image:type\" content=\"image\/jpeg\" \/>\n<meta name=\"author\" content=\"Laura\" \/>\n<meta name=\"twitter:card\" content=\"summary_large_image\" \/>\n<meta name=\"twitter:label1\" content=\"\u00c9crit par\" \/>\n\t<meta name=\"twitter:data1\" content=\"Laura\" \/>\n\t<meta name=\"twitter:label2\" content=\"Dur\u00e9e de lecture estim\u00e9e\" \/>\n\t<meta name=\"twitter:data2\" content=\"13 minutes\" \/>\n<script type=\"application\/ld+json\" class=\"yoast-schema-graph\">{\"@context\":\"https:\/\/schema.org\",\"@graph\":[{\"@type\":\"WebPage\",\"@id\":\"https:\/\/www.savethedeco.com\/blog\/inspiration-decoration-danniversaire-fille-pour-mes-18-ans\/\",\"url\":\"https:\/\/www.savethedeco.com\/blog\/inspiration-decoration-danniversaire-fille-pour-mes-18-ans\/\",\"name\":\"Inspiration : D\u00e9coration d'anniversaire fille pour mes 18 ans ! -\",\"isPartOf\":{\"@id\":\"https:\/\/www.savethedeco.com\/blog\/#website\"},\"datePublished\":\"2018-09-04T12:39:02+00:00\",\"dateModified\":\"2021-06-23T11:20:01+00:00\",\"author\":{\"@id\":\"https:\/\/www.savethedeco.com\/blog\/#\/schema\/person\/d44910e368583d79140948f96645e9fe\"},\"breadcrumb\":{\"@id\":\"https:\/\/www.savethedeco.com\/blog\/inspiration-decoration-danniversaire-fille-pour-mes-18-ans\/#breadcrumb\"},\"inLanguage\":\"fr-FR\",\"potentialAction\":[{\"@type\":\"ReadAction\",\"target\":[\"https:\/\/www.savethedeco.com\/blog\/inspiration-decoration-danniversaire-fille-pour-mes-18-ans\/\"]}]},{\"@type\":\"BreadcrumbList\",\"@id\":\"https:\/\/www.savethedeco.com\/blog\/inspiration-decoration-danniversaire-fille-pour-mes-18-ans\/#breadcrumb\",\"itemListElement\":[{\"@type\":\"ListItem\",\"position\":1,\"name\":\"Accueil\",\"item\":\"https:\/\/www.savethedeco.com\/blog\/\"},{\"@type\":\"ListItem\",\"position\":2,\"name\":\"Inspiration : D\u00e9coration d&rsquo;anniversaire fille pour mes 18 ans !\"}]},{\"@type\":\"WebSite\",\"@id\":\"https:\/\/www.savethedeco.com\/blog\/#website\",\"url\":\"https:\/\/www.savethedeco.com\/blog\/\",\"name\":\"\",\"description\":\"- Le Blog -\",\"potentialAction\":[{\"@type\":\"SearchAction\",\"target\":{\"@type\":\"EntryPoint\",\"urlTemplate\":\"https:\/\/www.savethedeco.com\/blog\/?s={search_term_string}\"},\"query-input\":\"required name=search_term_string\"}],\"inLanguage\":\"fr-FR\"},{\"@type\":\"Person\",\"@id\":\"https:\/\/www.savethedeco.com\/blog\/#\/schema\/person\/d44910e368583d79140948f96645e9fe\",\"name\":\"Laura\",\"image\":{\"@type\":\"ImageObject\",\"inLanguage\":\"fr-FR\",\"@id\":\"https:\/\/www.savethedeco.com\/blog\/#\/schema\/person\/image\/\",\"url\":\"https:\/\/secure.gravatar.com\/avatar\/217eb4e2cc9ea5f9e1ab470c6a265407?s=96&d=mm&r=g\",\"contentUrl\":\"https:\/\/secure.gravatar.com\/avatar\/217eb4e2cc9ea5f9e1ab470c6a265407?s=96&d=mm&r=g\",\"caption\":\"Laura\"},\"url\":\"https:\/\/www.savethedeco.com\/blog\/author\/laura\/\"}]}<\/script>\n<!-- \/ Yoast SEO plugin. -->","yoast_head_json":{"title":"Inspiration : D\u00e9coration d'anniversaire fille pour mes 18 ans ! -","robots":{"index":"index","follow":"follow","max-snippet":"max-snippet:-1","max-image-preview":"max-image-preview:large","max-video-preview":"max-video-preview:-1"},"canonical":"https:\/\/www.savethedeco.com\/blog\/inspiration-decoration-danniversaire-fille-pour-mes-18-ans\/","og_locale":"fr_FR","og_type":"article","og_title":"Inspiration : D\u00e9coration d'anniversaire fille pour mes 18 ans ! -","og_description":"F\u00eater ses 18 ans c&rsquo;est TOP, bien d\u00e9corer sa f\u00eate d&rsquo;anniversaire c&rsquo;est MIEUX \ud83d\ude42 Nous avons rassembl\u00e9 un bon nombre de photos d&rsquo;inspiration pour vous &hellip;","og_url":"https:\/\/www.savethedeco.com\/blog\/inspiration-decoration-danniversaire-fille-pour-mes-18-ans\/","article_published_time":"2018-09-04T12:39:02+00:00","article_modified_time":"2021-06-23T11:20:01+00:00","og_image":[{"width":1066,"height":1600,"url":"https:\/\/www.savethedeco.com\/blog\/wp-content\/uploads\/2018\/08\/confettis-party.jpg","type":"image\/jpeg"}],"author":"Laura","twitter_card":"summary_large_image","twitter_misc":{"\u00c9crit par":"Laura","Dur\u00e9e de lecture estim\u00e9e":"13 minutes"},"schema":{"@context":"https:\/\/schema.org","@graph":[{"@type":"WebPage","@id":"https:\/\/www.savethedeco.com\/blog\/inspiration-decoration-danniversaire-fille-pour-mes-18-ans\/","url":"https:\/\/www.savethedeco.com\/blog\/inspiration-decoration-danniversaire-fille-pour-mes-18-ans\/","name":"Inspiration : D\u00e9coration d'anniversaire fille pour mes 18 ans ! -","isPartOf":{"@id":"https:\/\/www.savethedeco.com\/blog\/#website"},"datePublished":"2018-09-04T12:39:02+00:00","dateModified":"2021-06-23T11:20:01+00:00","author":{"@id":"https:\/\/www.savethedeco.com\/blog\/#\/schema\/person\/d44910e368583d79140948f96645e9fe"},"breadcrumb":{"@id":"https:\/\/www.savethedeco.com\/blog\/inspiration-decoration-danniversaire-fille-pour-mes-18-ans\/#breadcrumb"},"inLanguage":"fr-FR","potentialAction":[{"@type":"ReadAction","target":["https:\/\/www.savethedeco.com\/blog\/inspiration-decoration-danniversaire-fille-pour-mes-18-ans\/"]}]},{"@type":"BreadcrumbList","@id":"https:\/\/www.savethedeco.com\/blog\/inspiration-decoration-danniversaire-fille-pour-mes-18-ans\/#breadcrumb","itemListElement":[{"@type":"ListItem","position":1,"name":"Accueil","item":"https:\/\/www.savethedeco.com\/blog\/"},{"@type":"ListItem","position":2,"name":"Inspiration : D\u00e9coration d&rsquo;anniversaire fille pour mes 18 ans !"}]},{"@type":"WebSite","@id":"https:\/\/www.savethedeco.com\/blog\/#website","url":"https:\/\/www.savethedeco.com\/blog\/","name":"","description":"- Le Blog -","potentialAction":[{"@type":"SearchAction","target":{"@type":"EntryPoint","urlTemplate":"https:\/\/www.savethedeco.com\/blog\/?s={search_term_string}"},"query-input":"required name=search_term_string"}],"inLanguage":"fr-FR"},{"@type":"Person","@id":"https:\/\/www.savethedeco.com\/blog\/#\/schema\/person\/d44910e368583d79140948f96645e9fe","name":"Laura","image":{"@type":"ImageObject","inLanguage":"fr-FR","@id":"https:\/\/www.savethedeco.com\/blog\/#\/schema\/person\/image\/","url":"https:\/\/secure.gravatar.com\/avatar\/217eb4e2cc9ea5f9e1ab470c6a265407?s=96&d=mm&r=g","contentUrl":"https:\/\/secure.gravatar.com\/avatar\/217eb4e2cc9ea5f9e1ab470c6a265407?s=96&d=mm&r=g","caption":"Laura"},"url":"https:\/\/www.savethedeco.com\/blog\/author\/laura\/"}]}},"_links":{"self":[{"href":"https:\/\/www.savethedeco.com\/blog\/wp-json\/wp\/v2\/posts\/9810"}],"collection":[{"href":"https:\/\/www.savethedeco.com\/blog\/wp-json\/wp\/v2\/posts"}],"about":[{"href":"https:\/\/www.savethedeco.com\/blog\/wp-json\/wp\/v2\/types\/post"}],"author":[{"embeddable":true,"href":"https:\/\/www.savethedeco.com\/blog\/wp-json\/wp\/v2\/users\/15"}],"replies":[{"embeddable":true,"href":"https:\/\/www.savethedeco.com\/blog\/wp-json\/wp\/v2\/comments?post=9810"}],"version-history":[{"count":78,"href":"https:\/\/www.savethedeco.com\/blog\/wp-json\/wp\/v2\/posts\/9810\/revisions"}],"predecessor-version":[{"id":15796,"href":"https:\/\/www.savethedeco.com\/blog\/wp-json\/wp\/v2\/posts\/9810\/revisions\/15796"}],"wp:featuredmedia":[{"embeddable":true,"href":"https:\/\/www.savethedeco.com\/blog\/wp-json\/wp\/v2\/media\/9894"}],"wp:attachment":[{"href":"https:\/\/www.savethedeco.com\/blog\/wp-json\/wp\/v2\/media?parent=9810"}],"wp:term":[{"taxonomy":"category","embeddable":true,"href":"https:\/\/www.savethedeco.com\/blog\/wp-json\/wp\/v2\/categories?post=9810"},{"taxonomy":"post_tag","embeddable":true,"href":"https:\/\/www.savethedeco.com\/blog\/wp-json\/wp\/v2\/tags?post=9810"}],"curies":[{"name":"wp","href":"https:\/\/api.w.org\/{rel}","templated":true}]}}