{"id":2144,"date":"2016-03-15T09:00:41","date_gmt":"2016-03-15T08:00:41","guid":{"rendered":"https:\/\/www.savethedeco.com\/blog\/?p=2144"},"modified":"2021-03-17T15:12:50","modified_gmt":"2021-03-17T14:12:50","slug":"inspiration-une-jolie-fete-de-bapteme-pour-garcon","status":"publish","type":"post","link":"https:\/\/www.savethedeco.com\/blog\/inspiration-une-jolie-fete-de-bapteme-pour-garcon\/","title":{"rendered":"Inspiration : une jolie f\u00eate de bapt\u00eame pour gar\u00e7on"},"content":{"rendered":"<p>Nous vous donnions la derni\u00e8re fois quelques id\u00e9es d&rsquo;inspiration d\u00e9co pour une f\u00eate de bapt\u00eame de petite fille, aujourd&rsquo;hui nous allons faire de m\u00eame pour les gar\u00e7ons!<\/p>\n<p>Ces id\u00e9es pourront bien s\u00fbr \u00eatre r\u00e9adapt\u00e9es pour une baby shower ou l&rsquo;anniversaire de b\u00e9b\u00e9.<\/p>\n<p style=\"text-align: center;\"><strong>Les faire-part<\/strong><\/p>\n<p>Pour un faire-part original, n&rsquo;h\u00e9sitez pas \u00e0 les cr\u00e9er vous-m\u00eame gr\u00e2ce \u00e0 quelques d\u00e9coupages et assemblages. Pour un effet garanti!<br \/>\nSi vous avez beaucoup d&rsquo;invit\u00e9s ou que vous n&rsquo;avez pas de temps pour les DIY, pas de panique, certains sites en proposent. Ou bien il vous reste la solution de l&rsquo;imprimante pour les budgets plus serr\u00e9s!<\/p>\n<p><img decoding=\"async\" loading=\"lazy\" class=\"wp-image-2148 aligncenter\" src=\"https:\/\/www.savethedeco.com\/blog\/wp-content\/uploads\/2016\/03\/id\u00e9e-faire-part-bapt\u00eame-gar\u00e7on.jpg\" alt=\"id\u00e9e faire part bapt\u00eame gar\u00e7on\" width=\"600\" height=\"893\" srcset=\"https:\/\/www.savethedeco.com\/blog\/wp-content\/uploads\/2016\/03\/id\u00e9e-faire-part-bapt\u00eame-gar\u00e7on.jpg 564w, https:\/\/www.savethedeco.com\/blog\/wp-content\/uploads\/2016\/03\/id\u00e9e-faire-part-bapt\u00eame-gar\u00e7on-202x300.jpg 202w\" sizes=\"(max-width: 600px) 100vw, 600px\" \/> <img decoding=\"async\" loading=\"lazy\" class=\"wp-image-2145 aligncenter\" src=\"https:\/\/www.savethedeco.com\/blog\/wp-content\/uploads\/2016\/03\/bapt\u00eame-gar\u00e7on-faire-part.jpg\" alt=\"bapt\u00eame gar\u00e7on faire part\" width=\"600\" height=\"600\" srcset=\"https:\/\/www.savethedeco.com\/blog\/wp-content\/uploads\/2016\/03\/bapt\u00eame-gar\u00e7on-faire-part.jpg 564w, https:\/\/www.savethedeco.com\/blog\/wp-content\/uploads\/2016\/03\/bapt\u00eame-gar\u00e7on-faire-part-150x150.jpg 150w, https:\/\/www.savethedeco.com\/blog\/wp-content\/uploads\/2016\/03\/bapt\u00eame-gar\u00e7on-faire-part-300x300.jpg 300w\" sizes=\"(max-width: 600px) 100vw, 600px\" \/> <img decoding=\"async\" loading=\"lazy\" class=\"wp-image-2146 aligncenter\" src=\"https:\/\/www.savethedeco.com\/blog\/wp-content\/uploads\/2016\/03\/faire-part-bapt\u00eame-gar\u00e7on.jpg\" alt=\"faire part bapt\u00eame gar\u00e7on\" width=\"600\" height=\"892\" srcset=\"https:\/\/www.savethedeco.com\/blog\/wp-content\/uploads\/2016\/03\/faire-part-bapt\u00eame-gar\u00e7on.jpg 452w, https:\/\/www.savethedeco.com\/blog\/wp-content\/uploads\/2016\/03\/faire-part-bapt\u00eame-gar\u00e7on-202x300.jpg 202w\" sizes=\"(max-width: 600px) 100vw, 600px\" \/> <img decoding=\"async\" loading=\"lazy\" class=\"wp-image-2147 aligncenter\" src=\"https:\/\/www.savethedeco.com\/blog\/wp-content\/uploads\/2016\/03\/faire-part-original-bapt\u00eame-gar\u00e7on.jpg\" alt=\"faire part original bapt\u00eame gar\u00e7on\" width=\"600\" height=\"800\" srcset=\"https:\/\/www.savethedeco.com\/blog\/wp-content\/uploads\/2016\/03\/faire-part-original-bapt\u00eame-gar\u00e7on.jpg 564w, https:\/\/www.savethedeco.com\/blog\/wp-content\/uploads\/2016\/03\/faire-part-original-bapt\u00eame-gar\u00e7on-225x300.jpg 225w\" sizes=\"(max-width: 600px) 100vw, 600px\" \/><\/p>\n<p style=\"text-align: center;\"><strong>La d\u00e9co<\/strong><\/p>\n<p style=\"text-align: left;\">Pour la d\u00e9co de votre salle de r\u00e9ception, nous vous conseillons de\u00a0d\u00e9finir un th\u00e8me plut\u00f4t que d&rsquo;y aller \u00e0 l&rsquo;aveugle.<br \/>\nLes th\u00e8mes moustache, marin, animaux, montgolfi\u00e8re ou nuage sont tr\u00e8s en vogue en ce moment!<br \/>\nLes tons bleus, vert et jaunes seront parfaits en g\u00e9n\u00e9ral pour\u00a0ce type d&rsquo;\u00e9v\u00e8nement.<br \/>\nEt pour ceux qui ne sont pas tr\u00e8s friands des DIY, pas d&rsquo;inqui\u00e9tudes,\u00a0quelques\u00a0guirlandes et boules de papier alv\u00e9ol\u00e9es suffiront \u00e0 habiller votre pi\u00e8ce!<\/p>\n<p style=\"text-align: left;\"><img decoding=\"async\" loading=\"lazy\" class=\"wp-image-2152 aligncenter\" src=\"https:\/\/www.savethedeco.com\/blog\/wp-content\/uploads\/2016\/03\/deco-bapt\u00eame-gar\u00e7on.jpg\" alt=\"deco bapt\u00eame gar\u00e7on\" width=\"600\" height=\"799\" srcset=\"https:\/\/www.savethedeco.com\/blog\/wp-content\/uploads\/2016\/03\/deco-bapt\u00eame-gar\u00e7on.jpg 564w, https:\/\/www.savethedeco.com\/blog\/wp-content\/uploads\/2016\/03\/deco-bapt\u00eame-gar\u00e7on-225x300.jpg 225w\" sizes=\"(max-width: 600px) 100vw, 600px\" \/> <img decoding=\"async\" loading=\"lazy\" class=\"wp-image-2154 aligncenter\" src=\"https:\/\/www.savethedeco.com\/blog\/wp-content\/uploads\/2016\/03\/decoration-jolie-bapt\u00eame-gar\u00e7on.jpg\" alt=\"decoration jolie bapt\u00eame gar\u00e7on\" width=\"600\" height=\"838\" srcset=\"https:\/\/www.savethedeco.com\/blog\/wp-content\/uploads\/2016\/03\/decoration-jolie-bapt\u00eame-gar\u00e7on.jpg 500w, https:\/\/www.savethedeco.com\/blog\/wp-content\/uploads\/2016\/03\/decoration-jolie-bapt\u00eame-gar\u00e7on-215x300.jpg 215w\" sizes=\"(max-width: 600px) 100vw, 600px\" \/> <img decoding=\"async\" loading=\"lazy\" class=\"wp-image-2149 aligncenter\" src=\"https:\/\/www.savethedeco.com\/blog\/wp-content\/uploads\/2016\/03\/bapt\u00eame-gar\u00e7on-deco.jpg\" alt=\"bapt\u00eame gar\u00e7on deco\" width=\"600\" height=\"899\" srcset=\"https:\/\/www.savethedeco.com\/blog\/wp-content\/uploads\/2016\/03\/bapt\u00eame-gar\u00e7on-deco.jpg 564w, https:\/\/www.savethedeco.com\/blog\/wp-content\/uploads\/2016\/03\/bapt\u00eame-gar\u00e7on-deco-200x300.jpg 200w\" sizes=\"(max-width: 600px) 100vw, 600px\" \/> <img decoding=\"async\" loading=\"lazy\" class=\"wp-image-2153 aligncenter\" src=\"https:\/\/www.savethedeco.com\/blog\/wp-content\/uploads\/2016\/03\/decoration-bapt\u00eame-gar\u00e7on.jpg\" alt=\"decoration bapt\u00eame gar\u00e7on\" width=\"600\" height=\"900\" srcset=\"https:\/\/www.savethedeco.com\/blog\/wp-content\/uploads\/2016\/03\/decoration-bapt\u00eame-gar\u00e7on.jpg 564w, https:\/\/www.savethedeco.com\/blog\/wp-content\/uploads\/2016\/03\/decoration-bapt\u00eame-gar\u00e7on-200x300.jpg 200w\" sizes=\"(max-width: 600px) 100vw, 600px\" \/> <img decoding=\"async\" loading=\"lazy\" class=\"wp-image-2158 aligncenter\" src=\"https:\/\/www.savethedeco.com\/blog\/wp-content\/uploads\/2016\/03\/bapt\u00eame-gar\u00e7on-deco-theme-plage.jpg\" alt=\"bapt\u00eame gar\u00e7on deco theme plage\" width=\"600\" height=\"387\" srcset=\"https:\/\/www.savethedeco.com\/blog\/wp-content\/uploads\/2016\/03\/bapt\u00eame-gar\u00e7on-deco-theme-plage.jpg 700w, https:\/\/www.savethedeco.com\/blog\/wp-content\/uploads\/2016\/03\/bapt\u00eame-gar\u00e7on-deco-theme-plage-300x193.jpg 300w\" sizes=\"(max-width: 600px) 100vw, 600px\" \/><img decoding=\"async\" loading=\"lazy\" class=\"wp-image-2151 aligncenter\" src=\"https:\/\/www.savethedeco.com\/blog\/wp-content\/uploads\/2016\/03\/bapt\u00eame-gar\u00e7on-decoration.jpg\" alt=\"bapt\u00eame gar\u00e7on decoration\" width=\"600\" height=\"900\" srcset=\"https:\/\/www.savethedeco.com\/blog\/wp-content\/uploads\/2016\/03\/bapt\u00eame-gar\u00e7on-decoration.jpg 564w, https:\/\/www.savethedeco.com\/blog\/wp-content\/uploads\/2016\/03\/bapt\u00eame-gar\u00e7on-decoration-200x300.jpg 200w\" sizes=\"(max-width: 600px) 100vw, 600px\" \/> <img decoding=\"async\" loading=\"lazy\" class=\"wp-image-2150 aligncenter\" src=\"https:\/\/www.savethedeco.com\/blog\/wp-content\/uploads\/2016\/03\/bapt\u00eame-gar\u00e7on-decoration-id\u00e9e.jpg\" alt=\"bapt\u00eame gar\u00e7on decoration id\u00e9e\" width=\"600\" height=\"900\" srcset=\"https:\/\/www.savethedeco.com\/blog\/wp-content\/uploads\/2016\/03\/bapt\u00eame-gar\u00e7on-decoration-id\u00e9e.jpg 564w, https:\/\/www.savethedeco.com\/blog\/wp-content\/uploads\/2016\/03\/bapt\u00eame-gar\u00e7on-decoration-id\u00e9e-200x300.jpg 200w\" sizes=\"(max-width: 600px) 100vw, 600px\" \/> <img decoding=\"async\" loading=\"lazy\" class=\"wp-image-2155 aligncenter\" src=\"https:\/\/www.savethedeco.com\/blog\/wp-content\/uploads\/2016\/03\/jolie-deco-bapt\u00eame-gar\u00e7on.jpg\" alt=\"jolie deco bapt\u00eame gar\u00e7on\" width=\"600\" height=\"839\" srcset=\"https:\/\/www.savethedeco.com\/blog\/wp-content\/uploads\/2016\/03\/jolie-deco-bapt\u00eame-gar\u00e7on.jpg 564w, https:\/\/www.savethedeco.com\/blog\/wp-content\/uploads\/2016\/03\/jolie-deco-bapt\u00eame-gar\u00e7on-214x300.jpg 214w\" sizes=\"(max-width: 600px) 100vw, 600px\" \/><\/p>\n<p style=\"text-align: center;\"><strong>D\u00e9co de table<\/strong><\/p>\n<p style=\"text-align: left;\">Pour la d\u00e9coration de table, pas besoin d&rsquo;en faire des tonnes.<br \/>\nUne jolie vaisselle en papier et quelques accessoires rappelant votre th\u00e8me feront l&rsquo;affaire!<br \/>\nSi vous aimez les DIY, n&rsquo;h\u00e9sitez pas\u00a0\u00e0\u00a0fabriquer de jolis marque-place qui serviront \u00e9galement de d\u00e9co!<\/p>\n<p style=\"text-align: left;\"><img decoding=\"async\" loading=\"lazy\" class=\"wp-image-2156 aligncenter\" src=\"https:\/\/www.savethedeco.com\/blog\/wp-content\/uploads\/2016\/03\/bapt\u00eame-gar\u00e7on-deco-de-table.jpg\" alt=\"bapt\u00eame gar\u00e7on deco de table\" width=\"600\" height=\"396\" srcset=\"https:\/\/www.savethedeco.com\/blog\/wp-content\/uploads\/2016\/03\/bapt\u00eame-gar\u00e7on-deco-de-table.jpg 700w, https:\/\/www.savethedeco.com\/blog\/wp-content\/uploads\/2016\/03\/bapt\u00eame-gar\u00e7on-deco-de-table-300x198.jpg 300w\" sizes=\"(max-width: 600px) 100vw, 600px\" \/> <img decoding=\"async\" loading=\"lazy\" class=\"wp-image-2159 aligncenter\" src=\"https:\/\/www.savethedeco.com\/blog\/wp-content\/uploads\/2016\/03\/deco-de-table-id\u00e9e-bapt\u00eame-gar\u00e7on.jpg\" alt=\"deco de table id\u00e9e bapt\u00eame gar\u00e7on\" width=\"600\" height=\"909\" srcset=\"https:\/\/www.savethedeco.com\/blog\/wp-content\/uploads\/2016\/03\/deco-de-table-id\u00e9e-bapt\u00eame-gar\u00e7on.jpg 700w, https:\/\/www.savethedeco.com\/blog\/wp-content\/uploads\/2016\/03\/deco-de-table-id\u00e9e-bapt\u00eame-gar\u00e7on-198x300.jpg 198w, https:\/\/www.savethedeco.com\/blog\/wp-content\/uploads\/2016\/03\/deco-de-table-id\u00e9e-bapt\u00eame-gar\u00e7on-676x1024.jpg 676w\" sizes=\"(max-width: 600px) 100vw, 600px\" \/> <img decoding=\"async\" loading=\"lazy\" class=\"wp-image-2160 aligncenter\" src=\"https:\/\/www.savethedeco.com\/blog\/wp-content\/uploads\/2016\/03\/marque-place-bapt\u00eame-gar\u00e7on.jpg\" alt=\"marque place bapt\u00eame gar\u00e7on\" width=\"600\" height=\"695\" srcset=\"https:\/\/www.savethedeco.com\/blog\/wp-content\/uploads\/2016\/03\/marque-place-bapt\u00eame-gar\u00e7on.jpg 400w, https:\/\/www.savethedeco.com\/blog\/wp-content\/uploads\/2016\/03\/marque-place-bapt\u00eame-gar\u00e7on-259x300.jpg 259w\" sizes=\"(max-width: 600px) 100vw, 600px\" \/> <img decoding=\"async\" loading=\"lazy\" class=\"wp-image-2161 aligncenter\" src=\"https:\/\/www.savethedeco.com\/blog\/wp-content\/uploads\/2016\/03\/menu-bapt\u00eame-gar\u00e7on-e1457899889260.jpg\" alt=\"\" width=\"600\" height=\"617\" srcset=\"https:\/\/www.savethedeco.com\/blog\/wp-content\/uploads\/2016\/03\/menu-bapt\u00eame-gar\u00e7on-e1457899889260.jpg 498w, https:\/\/www.savethedeco.com\/blog\/wp-content\/uploads\/2016\/03\/menu-bapt\u00eame-gar\u00e7on-e1457899889260-292x300.jpg 292w\" sizes=\"(max-width: 600px) 100vw, 600px\" \/><\/p>\n<p style=\"text-align: center;\"><strong>Gourmandises et Candy Bar<\/strong><\/p>\n<p style=\"text-align: left;\">Difficile aujourd&rsquo;hui d&rsquo;imaginer une f\u00eate sans candy bar ! Voici quelques photos de gourmandises toutes mignonnes\u00a0qui seront parfaites pour la d\u00e9coration de bapt\u00eame de votre petit prince!<\/p>\n<p style=\"text-align: center;\"><img decoding=\"async\" loading=\"lazy\" class=\"wp-image-2168 aligncenter\" src=\"https:\/\/www.savethedeco.com\/blog\/wp-content\/uploads\/2016\/03\/gourmandises-bapt\u00eame-gar\u00e7ons.jpg\" alt=\"gourmandises bapt\u00eame gar\u00e7ons\" width=\"600\" height=\"900\" srcset=\"https:\/\/www.savethedeco.com\/blog\/wp-content\/uploads\/2016\/03\/gourmandises-bapt\u00eame-gar\u00e7ons.jpg 564w, https:\/\/www.savethedeco.com\/blog\/wp-content\/uploads\/2016\/03\/gourmandises-bapt\u00eame-gar\u00e7ons-200x300.jpg 200w\" sizes=\"(max-width: 600px) 100vw, 600px\" \/> <img decoding=\"async\" loading=\"lazy\" class=\"wp-image-2166 alignnone\" src=\"https:\/\/www.savethedeco.com\/blog\/wp-content\/uploads\/2016\/03\/cupcake-bleus-bapt\u00eame-gar\u00e7ons.jpg\" alt=\"cupcake bleus bapt\u00eame gar\u00e7ons\" width=\"290\" height=\"436\" srcset=\"https:\/\/www.savethedeco.com\/blog\/wp-content\/uploads\/2016\/03\/cupcake-bleus-bapt\u00eame-gar\u00e7ons.jpg 319w, https:\/\/www.savethedeco.com\/blog\/wp-content\/uploads\/2016\/03\/cupcake-bleus-bapt\u00eame-gar\u00e7ons-199x300.jpg 199w\" sizes=\"(max-width: 290px) 100vw, 290px\" \/> <img decoding=\"async\" loading=\"lazy\" class=\"alignnone wp-image-2162\" src=\"https:\/\/www.savethedeco.com\/blog\/wp-content\/uploads\/2016\/03\/batonnets-bleus-bapt\u00eame-gar\u00e7ons-e1457903016615.jpg\" alt=\"\" width=\"338\" height=\"436\" srcset=\"https:\/\/www.savethedeco.com\/blog\/wp-content\/uploads\/2016\/03\/batonnets-bleus-bapt\u00eame-gar\u00e7ons-e1457903016615.jpg 330w, https:\/\/www.savethedeco.com\/blog\/wp-content\/uploads\/2016\/03\/batonnets-bleus-bapt\u00eame-gar\u00e7ons-e1457903016615-232x300.jpg 232w\" sizes=\"(max-width: 338px) 100vw, 338px\" \/> <img decoding=\"async\" loading=\"lazy\" class=\"alignnone wp-image-2164\" src=\"https:\/\/www.savethedeco.com\/blog\/wp-content\/uploads\/2016\/03\/candy-bar-bapt\u00eame-gar\u00e7ons.jpg\" alt=\"candy bar bapt\u00eame gar\u00e7ons\" width=\"600\" height=\"899\" srcset=\"https:\/\/www.savethedeco.com\/blog\/wp-content\/uploads\/2016\/03\/candy-bar-bapt\u00eame-gar\u00e7ons.jpg 427w, https:\/\/www.savethedeco.com\/blog\/wp-content\/uploads\/2016\/03\/candy-bar-bapt\u00eame-gar\u00e7ons-200x300.jpg 200w\" sizes=\"(max-width: 600px) 100vw, 600px\" \/> <img decoding=\"async\" loading=\"lazy\" class=\"alignnone wp-image-2165\" src=\"https:\/\/www.savethedeco.com\/blog\/wp-content\/uploads\/2016\/03\/chamallow-bapt\u00eame-gar\u00e7ons.jpg\" alt=\"chamallow bapt\u00eame gar\u00e7ons\" width=\"600\" height=\"900\" srcset=\"https:\/\/www.savethedeco.com\/blog\/wp-content\/uploads\/2016\/03\/chamallow-bapt\u00eame-gar\u00e7ons.jpg 564w, https:\/\/www.savethedeco.com\/blog\/wp-content\/uploads\/2016\/03\/chamallow-bapt\u00eame-gar\u00e7ons-200x300.jpg 200w\" sizes=\"(max-width: 600px) 100vw, 600px\" \/> <img decoding=\"async\" loading=\"lazy\" class=\"alignnone wp-image-2167\" src=\"https:\/\/www.savethedeco.com\/blog\/wp-content\/uploads\/2016\/03\/fraises-bapt\u00eame-gar\u00e7ons.jpg\" alt=\"fraises bapt\u00eame gar\u00e7ons\" width=\"600\" height=\"900\" srcset=\"https:\/\/www.savethedeco.com\/blog\/wp-content\/uploads\/2016\/03\/fraises-bapt\u00eame-gar\u00e7ons.jpg 550w, https:\/\/www.savethedeco.com\/blog\/wp-content\/uploads\/2016\/03\/fraises-bapt\u00eame-gar\u00e7ons-200x300.jpg 200w\" sizes=\"(max-width: 600px) 100vw, 600px\" \/> <img decoding=\"async\" loading=\"lazy\" class=\"alignnone wp-image-2163\" src=\"https:\/\/www.savethedeco.com\/blog\/wp-content\/uploads\/2016\/03\/bonbons-bapt\u00eame-gar\u00e7ons-e1457900946160.jpg\" alt=\"\" width=\"600\" height=\"773\" srcset=\"https:\/\/www.savethedeco.com\/blog\/wp-content\/uploads\/2016\/03\/bonbons-bapt\u00eame-gar\u00e7ons-e1457900946160.jpg 534w, https:\/\/www.savethedeco.com\/blog\/wp-content\/uploads\/2016\/03\/bonbons-bapt\u00eame-gar\u00e7ons-e1457900946160-233x300.jpg 233w\" sizes=\"(max-width: 600px) 100vw, 600px\" \/><\/p>\n<p style=\"text-align: center;\"><strong>Le G\u00e2teau<\/strong><\/p>\n<p style=\"text-align: left;\">Pour le g\u00e2teau, comme pour le reste, il est int\u00e9ressant de rester dans votre th\u00e8me. Voici quelques id\u00e9es de g\u00e2teau qui vont vous faire fondre!<\/p>\n<p style=\"text-align: left;\"><img decoding=\"async\" loading=\"lazy\" class=\"wp-image-2171 aligncenter\" src=\"https:\/\/www.savethedeco.com\/blog\/wp-content\/uploads\/2016\/03\/g\u00e2teau-bapt\u00eame-gar\u00e7on-.jpg\" alt=\"g\u00e2teau bapt\u00eame gar\u00e7on\" width=\"600\" height=\"867\" srcset=\"https:\/\/www.savethedeco.com\/blog\/wp-content\/uploads\/2016\/03\/g\u00e2teau-bapt\u00eame-gar\u00e7on-.jpg 346w, https:\/\/www.savethedeco.com\/blog\/wp-content\/uploads\/2016\/03\/g\u00e2teau-bapt\u00eame-gar\u00e7on--208x300.jpg 208w\" sizes=\"(max-width: 600px) 100vw, 600px\" \/> <img decoding=\"async\" loading=\"lazy\" class=\"wp-image-2169 aligncenter\" src=\"https:\/\/www.savethedeco.com\/blog\/wp-content\/uploads\/2016\/03\/bapt\u00eame-gar\u00e7on-g\u00e2teau.jpg\" alt=\"bapt\u00eame gar\u00e7on g\u00e2teau\" width=\"600\" height=\"817\" srcset=\"https:\/\/www.savethedeco.com\/blog\/wp-content\/uploads\/2016\/03\/bapt\u00eame-gar\u00e7on-g\u00e2teau.jpg 564w, https:\/\/www.savethedeco.com\/blog\/wp-content\/uploads\/2016\/03\/bapt\u00eame-gar\u00e7on-g\u00e2teau-220x300.jpg 220w\" sizes=\"(max-width: 600px) 100vw, 600px\" \/> <img decoding=\"async\" loading=\"lazy\" class=\"wp-image-2172 aligncenter\" src=\"https:\/\/www.savethedeco.com\/blog\/wp-content\/uploads\/2016\/03\/gateau-surprise.jpg\" alt=\"gateau surprise\" width=\"600\" height=\"448\" srcset=\"https:\/\/www.savethedeco.com\/blog\/wp-content\/uploads\/2016\/03\/gateau-surprise.jpg 564w, https:\/\/www.savethedeco.com\/blog\/wp-content\/uploads\/2016\/03\/gateau-surprise-300x224.jpg 300w\" sizes=\"(max-width: 600px) 100vw, 600px\" \/> <img decoding=\"async\" loading=\"lazy\" class=\"wp-image-2170 aligncenter\" src=\"https:\/\/www.savethedeco.com\/blog\/wp-content\/uploads\/2016\/03\/gateau-bapt\u00eame-gar\u00e7on--e1457901298111.jpg\" alt=\"\" width=\"600\" height=\"812\" srcset=\"https:\/\/www.savethedeco.com\/blog\/wp-content\/uploads\/2016\/03\/gateau-bapt\u00eame-gar\u00e7on--e1457901298111.jpg 485w, https:\/\/www.savethedeco.com\/blog\/wp-content\/uploads\/2016\/03\/gateau-bapt\u00eame-gar\u00e7on--e1457901298111-222x300.jpg 222w\" sizes=\"(max-width: 600px) 100vw, 600px\" \/><\/p>\n<p style=\"text-align: center;\"><strong>Les badges, une id\u00e9e originale!<\/strong><\/p>\n<p style=\"text-align: left;\">Offrir des badges aux grands-parents et aux parrains, qu&rsquo;ils pourront porter tout au long de la journ\u00e9e, en voil\u00e0 une bonne id\u00e9e!<br \/>\nParce qu&rsquo;ils sont fiers et qu&rsquo;ils auront s\u00fbrement envie de le crier au monde entier!<\/p>\n<p style=\"text-align: center;\"><img decoding=\"async\" loading=\"lazy\" class=\"alignnone wp-image-2173\" src=\"https:\/\/www.savethedeco.com\/blog\/wp-content\/uploads\/2016\/03\/badge-bapt\u00eame-marraine-parrain.jpg\" alt=\"badge bapt\u00eame marraine parrain\" width=\"600\" height=\"450\" srcset=\"https:\/\/www.savethedeco.com\/blog\/wp-content\/uploads\/2016\/03\/badge-bapt\u00eame-marraine-parrain.jpg 564w, https:\/\/www.savethedeco.com\/blog\/wp-content\/uploads\/2016\/03\/badge-bapt\u00eame-marraine-parrain-300x225.jpg 300w\" sizes=\"(max-width: 600px) 100vw, 600px\" \/> <img decoding=\"async\" loading=\"lazy\" class=\"alignnone wp-image-2174\" src=\"https:\/\/www.savethedeco.com\/blog\/wp-content\/uploads\/2016\/03\/badges-mamie-papy.jpg\" alt=\"badges mamie papy\" width=\"600\" height=\"749\" srcset=\"https:\/\/www.savethedeco.com\/blog\/wp-content\/uploads\/2016\/03\/badges-mamie-papy.jpg 564w, https:\/\/www.savethedeco.com\/blog\/wp-content\/uploads\/2016\/03\/badges-mamie-papy-240x300.jpg 240w\" sizes=\"(max-width: 600px) 100vw, 600px\" \/><\/p>\n<p style=\"text-align: center;\"><strong>Les drag\u00e9es<\/strong><\/p>\n<p style=\"text-align: left;\">En souvenir de cette journ\u00e9e, comme le veut la coutume, les invit\u00e9s repartiront avec leur petite bo\u00eete de drag\u00e9es.<br \/>\nMais pas question de se contenter d&rsquo;un petit sachet, privil\u00e9giez des\u00a0contenants originaux!<\/p>\n<p style=\"text-align: left;\"><img decoding=\"async\" loading=\"lazy\" class=\"wp-image-2177 aligncenter\" src=\"https:\/\/www.savethedeco.com\/blog\/wp-content\/uploads\/2016\/03\/drag\u00e9e-bapt\u00eame-gar\u00e7on-yoyo.jpg\" alt=\"drag\u00e9e bapt\u00eame gar\u00e7on yoyo\" width=\"600\" height=\"600\" srcset=\"https:\/\/www.savethedeco.com\/blog\/wp-content\/uploads\/2016\/03\/drag\u00e9e-bapt\u00eame-gar\u00e7on-yoyo.jpg 500w, https:\/\/www.savethedeco.com\/blog\/wp-content\/uploads\/2016\/03\/drag\u00e9e-bapt\u00eame-gar\u00e7on-yoyo-150x150.jpg 150w, https:\/\/www.savethedeco.com\/blog\/wp-content\/uploads\/2016\/03\/drag\u00e9e-bapt\u00eame-gar\u00e7on-yoyo-300x300.jpg 300w\" sizes=\"(max-width: 600px) 100vw, 600px\" \/> <img decoding=\"async\" loading=\"lazy\" class=\"wp-image-2175 aligncenter\" src=\"https:\/\/www.savethedeco.com\/blog\/wp-content\/uploads\/2016\/03\/bapt\u00eame-gar\u00e7on-drag\u00e9es.jpg\" alt=\"bapt\u00eame gar\u00e7on drag\u00e9es\" width=\"600\" height=\"450\" srcset=\"https:\/\/www.savethedeco.com\/blog\/wp-content\/uploads\/2016\/03\/bapt\u00eame-gar\u00e7on-drag\u00e9es.jpg 564w, https:\/\/www.savethedeco.com\/blog\/wp-content\/uploads\/2016\/03\/bapt\u00eame-gar\u00e7on-drag\u00e9es-300x225.jpg 300w\" sizes=\"(max-width: 600px) 100vw, 600px\" \/> <img decoding=\"async\" loading=\"lazy\" class=\"wp-image-2176 aligncenter\" src=\"https:\/\/www.savethedeco.com\/blog\/wp-content\/uploads\/2016\/03\/boite-drag\u00e9es-bapt\u00eame-gar\u00e7on-.jpg\" alt=\"boite drag\u00e9es bapt\u00eame gar\u00e7on\" width=\"600\" height=\"600\" srcset=\"https:\/\/www.savethedeco.com\/blog\/wp-content\/uploads\/2016\/03\/boite-drag\u00e9es-bapt\u00eame-gar\u00e7on-.jpg 458w, https:\/\/www.savethedeco.com\/blog\/wp-content\/uploads\/2016\/03\/boite-drag\u00e9es-bapt\u00eame-gar\u00e7on--150x150.jpg 150w, https:\/\/www.savethedeco.com\/blog\/wp-content\/uploads\/2016\/03\/boite-drag\u00e9es-bapt\u00eame-gar\u00e7on--300x300.jpg 300w\" sizes=\"(max-width: 600px) 100vw, 600px\" \/> <img decoding=\"async\" loading=\"lazy\" class=\"wp-image-2178 aligncenter\" src=\"https:\/\/www.savethedeco.com\/blog\/wp-content\/uploads\/2016\/03\/drag\u00e9es-bapt\u00eame-gar\u00e7on-.jpg\" alt=\"drag\u00e9es bapt\u00eame gar\u00e7on\" width=\"600\" height=\"600\" srcset=\"https:\/\/www.savethedeco.com\/blog\/wp-content\/uploads\/2016\/03\/drag\u00e9es-bapt\u00eame-gar\u00e7on-.jpg 564w, https:\/\/www.savethedeco.com\/blog\/wp-content\/uploads\/2016\/03\/drag\u00e9es-bapt\u00eame-gar\u00e7on--150x150.jpg 150w, https:\/\/www.savethedeco.com\/blog\/wp-content\/uploads\/2016\/03\/drag\u00e9es-bapt\u00eame-gar\u00e7on--300x300.jpg 300w\" sizes=\"(max-width: 600px) 100vw, 600px\" \/><\/p>\n<p style=\"text-align: left;\">Cr\u00e9dit photos : Amuses Studio,\u00a0FairepartNaissance.fr, Etsy, alittlemarket, Little Big Company, Jennifer Jones photos, Catch My Party, Kara&rsquo;s Party, House of Rose, Seriously Daisy, Jolie Baby Shower, Les Faits sa fa\u00e7on, Mariage.com, Spaceships and Laser Beams, Ourbestbites, Betty Crocker, Small Things, Dea Vita, Instemporel, La Drag\u00e9e Design, Mes Invit\u00e9s, Faller.<\/p>\n","protected":false},"excerpt":{"rendered":"<p>Nous vous donnions la derni\u00e8re fois quelques id\u00e9es d&rsquo;inspiration d\u00e9co pour une f\u00eate de bapt\u00eame de petite fille, aujourd&rsquo;hui nous allons faire de m\u00eame pour &hellip; <\/p>\n","protected":false},"author":7,"featured_media":2151,"comment_status":"closed","ping_status":"closed","sticky":false,"template":"","format":"standard","meta":{"om_disable_all_campaigns":false,"_monsterinsights_skip_tracking":false,"_monsterinsights_sitenote_active":false,"_monsterinsights_sitenote_note":"","_monsterinsights_sitenote_category":0},"categories":[5],"tags":[134,135,114],"aioseo_notices":[],"yoast_head":"<!-- This site is optimized with the Yoast SEO plugin v20.9 - https:\/\/yoast.com\/wordpress\/plugins\/seo\/ -->\n<title>Inspiration : une jolie f\u00eate de bapt\u00eame pour gar\u00e7on -<\/title>\n<meta name=\"robots\" content=\"index, follow, max-snippet:-1, max-image-preview:large, max-video-preview:-1\" \/>\n<link rel=\"canonical\" href=\"https:\/\/www.savethedeco.com\/blog\/inspiration-une-jolie-fete-de-bapteme-pour-garcon\/\" \/>\n<meta property=\"og:locale\" content=\"fr_FR\" \/>\n<meta property=\"og:type\" content=\"article\" \/>\n<meta property=\"og:title\" content=\"Inspiration : une jolie f\u00eate de bapt\u00eame pour gar\u00e7on -\" \/>\n<meta property=\"og:description\" content=\"Nous vous donnions la derni\u00e8re fois quelques id\u00e9es d&rsquo;inspiration d\u00e9co pour une f\u00eate de bapt\u00eame de petite fille, aujourd&rsquo;hui nous allons faire de m\u00eame pour &hellip;\" \/>\n<meta property=\"og:url\" content=\"https:\/\/www.savethedeco.com\/blog\/inspiration-une-jolie-fete-de-bapteme-pour-garcon\/\" \/>\n<meta property=\"article:published_time\" content=\"2016-03-15T08:00:41+00:00\" \/>\n<meta property=\"article:modified_time\" content=\"2021-03-17T14:12:50+00:00\" \/>\n<meta property=\"og:image\" content=\"https:\/\/www.savethedeco.com\/blog\/wp-content\/uploads\/2016\/03\/bapt\u00eame-gar\u00e7on-decoration.jpg\" \/>\n\t<meta property=\"og:image:width\" content=\"564\" \/>\n\t<meta property=\"og:image:height\" content=\"846\" \/>\n\t<meta property=\"og:image:type\" content=\"image\/jpeg\" \/>\n<meta name=\"author\" content=\"Federica\" \/>\n<meta name=\"twitter:card\" content=\"summary_large_image\" \/>\n<meta name=\"twitter:label1\" content=\"\u00c9crit par\" \/>\n\t<meta name=\"twitter:data1\" content=\"Federica\" \/>\n\t<meta name=\"twitter:label2\" content=\"Dur\u00e9e de lecture estim\u00e9e\" \/>\n\t<meta name=\"twitter:data2\" content=\"9 minutes\" \/>\n<script type=\"application\/ld+json\" class=\"yoast-schema-graph\">{\"@context\":\"https:\/\/schema.org\",\"@graph\":[{\"@type\":\"WebPage\",\"@id\":\"https:\/\/www.savethedeco.com\/blog\/inspiration-une-jolie-fete-de-bapteme-pour-garcon\/\",\"url\":\"https:\/\/www.savethedeco.com\/blog\/inspiration-une-jolie-fete-de-bapteme-pour-garcon\/\",\"name\":\"Inspiration : une jolie f\u00eate de bapt\u00eame pour gar\u00e7on -\",\"isPartOf\":{\"@id\":\"https:\/\/www.savethedeco.com\/blog\/#website\"},\"datePublished\":\"2016-03-15T08:00:41+00:00\",\"dateModified\":\"2021-03-17T14:12:50+00:00\",\"author\":{\"@id\":\"https:\/\/www.savethedeco.com\/blog\/#\/schema\/person\/7cdacf81977bf13b5aacf2d27a1922a2\"},\"breadcrumb\":{\"@id\":\"https:\/\/www.savethedeco.com\/blog\/inspiration-une-jolie-fete-de-bapteme-pour-garcon\/#breadcrumb\"},\"inLanguage\":\"fr-FR\",\"potentialAction\":[{\"@type\":\"ReadAction\",\"target\":[\"https:\/\/www.savethedeco.com\/blog\/inspiration-une-jolie-fete-de-bapteme-pour-garcon\/\"]}]},{\"@type\":\"BreadcrumbList\",\"@id\":\"https:\/\/www.savethedeco.com\/blog\/inspiration-une-jolie-fete-de-bapteme-pour-garcon\/#breadcrumb\",\"itemListElement\":[{\"@type\":\"ListItem\",\"position\":1,\"name\":\"Accueil\",\"item\":\"https:\/\/www.savethedeco.com\/blog\/\"},{\"@type\":\"ListItem\",\"position\":2,\"name\":\"Inspiration : une jolie f\u00eate de bapt\u00eame pour gar\u00e7on\"}]},{\"@type\":\"WebSite\",\"@id\":\"https:\/\/www.savethedeco.com\/blog\/#website\",\"url\":\"https:\/\/www.savethedeco.com\/blog\/\",\"name\":\"\",\"description\":\"- Le Blog -\",\"potentialAction\":[{\"@type\":\"SearchAction\",\"target\":{\"@type\":\"EntryPoint\",\"urlTemplate\":\"https:\/\/www.savethedeco.com\/blog\/?s={search_term_string}\"},\"query-input\":\"required name=search_term_string\"}],\"inLanguage\":\"fr-FR\"},{\"@type\":\"Person\",\"@id\":\"https:\/\/www.savethedeco.com\/blog\/#\/schema\/person\/7cdacf81977bf13b5aacf2d27a1922a2\",\"name\":\"Federica\",\"image\":{\"@type\":\"ImageObject\",\"inLanguage\":\"fr-FR\",\"@id\":\"https:\/\/www.savethedeco.com\/blog\/#\/schema\/person\/image\/\",\"url\":\"https:\/\/secure.gravatar.com\/avatar\/7f6165bf20f100cf6b37677aa12161c6?s=96&d=mm&r=g\",\"contentUrl\":\"https:\/\/secure.gravatar.com\/avatar\/7f6165bf20f100cf6b37677aa12161c6?s=96&d=mm&r=g\",\"caption\":\"Federica\"},\"url\":\"https:\/\/www.savethedeco.com\/blog\/author\/federica\/\"}]}<\/script>\n<!-- \/ Yoast SEO plugin. -->","yoast_head_json":{"title":"Inspiration : une jolie f\u00eate de bapt\u00eame pour gar\u00e7on -","robots":{"index":"index","follow":"follow","max-snippet":"max-snippet:-1","max-image-preview":"max-image-preview:large","max-video-preview":"max-video-preview:-1"},"canonical":"https:\/\/www.savethedeco.com\/blog\/inspiration-une-jolie-fete-de-bapteme-pour-garcon\/","og_locale":"fr_FR","og_type":"article","og_title":"Inspiration : une jolie f\u00eate de bapt\u00eame pour gar\u00e7on -","og_description":"Nous vous donnions la derni\u00e8re fois quelques id\u00e9es d&rsquo;inspiration d\u00e9co pour une f\u00eate de bapt\u00eame de petite fille, aujourd&rsquo;hui nous allons faire de m\u00eame pour &hellip;","og_url":"https:\/\/www.savethedeco.com\/blog\/inspiration-une-jolie-fete-de-bapteme-pour-garcon\/","article_published_time":"2016-03-15T08:00:41+00:00","article_modified_time":"2021-03-17T14:12:50+00:00","og_image":[{"width":564,"height":846,"url":"https:\/\/www.savethedeco.com\/blog\/wp-content\/uploads\/2016\/03\/bapt\u00eame-gar\u00e7on-decoration.jpg","type":"image\/jpeg"}],"author":"Federica","twitter_card":"summary_large_image","twitter_misc":{"\u00c9crit par":"Federica","Dur\u00e9e de lecture estim\u00e9e":"9 minutes"},"schema":{"@context":"https:\/\/schema.org","@graph":[{"@type":"WebPage","@id":"https:\/\/www.savethedeco.com\/blog\/inspiration-une-jolie-fete-de-bapteme-pour-garcon\/","url":"https:\/\/www.savethedeco.com\/blog\/inspiration-une-jolie-fete-de-bapteme-pour-garcon\/","name":"Inspiration : une jolie f\u00eate de bapt\u00eame pour gar\u00e7on -","isPartOf":{"@id":"https:\/\/www.savethedeco.com\/blog\/#website"},"datePublished":"2016-03-15T08:00:41+00:00","dateModified":"2021-03-17T14:12:50+00:00","author":{"@id":"https:\/\/www.savethedeco.com\/blog\/#\/schema\/person\/7cdacf81977bf13b5aacf2d27a1922a2"},"breadcrumb":{"@id":"https:\/\/www.savethedeco.com\/blog\/inspiration-une-jolie-fete-de-bapteme-pour-garcon\/#breadcrumb"},"inLanguage":"fr-FR","potentialAction":[{"@type":"ReadAction","target":["https:\/\/www.savethedeco.com\/blog\/inspiration-une-jolie-fete-de-bapteme-pour-garcon\/"]}]},{"@type":"BreadcrumbList","@id":"https:\/\/www.savethedeco.com\/blog\/inspiration-une-jolie-fete-de-bapteme-pour-garcon\/#breadcrumb","itemListElement":[{"@type":"ListItem","position":1,"name":"Accueil","item":"https:\/\/www.savethedeco.com\/blog\/"},{"@type":"ListItem","position":2,"name":"Inspiration : une jolie f\u00eate de bapt\u00eame pour gar\u00e7on"}]},{"@type":"WebSite","@id":"https:\/\/www.savethedeco.com\/blog\/#website","url":"https:\/\/www.savethedeco.com\/blog\/","name":"","description":"- Le Blog -","potentialAction":[{"@type":"SearchAction","target":{"@type":"EntryPoint","urlTemplate":"https:\/\/www.savethedeco.com\/blog\/?s={search_term_string}"},"query-input":"required name=search_term_string"}],"inLanguage":"fr-FR"},{"@type":"Person","@id":"https:\/\/www.savethedeco.com\/blog\/#\/schema\/person\/7cdacf81977bf13b5aacf2d27a1922a2","name":"Federica","image":{"@type":"ImageObject","inLanguage":"fr-FR","@id":"https:\/\/www.savethedeco.com\/blog\/#\/schema\/person\/image\/","url":"https:\/\/secure.gravatar.com\/avatar\/7f6165bf20f100cf6b37677aa12161c6?s=96&d=mm&r=g","contentUrl":"https:\/\/secure.gravatar.com\/avatar\/7f6165bf20f100cf6b37677aa12161c6?s=96&d=mm&r=g","caption":"Federica"},"url":"https:\/\/www.savethedeco.com\/blog\/author\/federica\/"}]}},"_links":{"self":[{"href":"https:\/\/www.savethedeco.com\/blog\/wp-json\/wp\/v2\/posts\/2144"}],"collection":[{"href":"https:\/\/www.savethedeco.com\/blog\/wp-json\/wp\/v2\/posts"}],"about":[{"href":"https:\/\/www.savethedeco.com\/blog\/wp-json\/wp\/v2\/types\/post"}],"author":[{"embeddable":true,"href":"https:\/\/www.savethedeco.com\/blog\/wp-json\/wp\/v2\/users\/7"}],"replies":[{"embeddable":true,"href":"https:\/\/www.savethedeco.com\/blog\/wp-json\/wp\/v2\/comments?post=2144"}],"version-history":[{"count":18,"href":"https:\/\/www.savethedeco.com\/blog\/wp-json\/wp\/v2\/posts\/2144\/revisions"}],"predecessor-version":[{"id":15114,"href":"https:\/\/www.savethedeco.com\/blog\/wp-json\/wp\/v2\/posts\/2144\/revisions\/15114"}],"wp:featuredmedia":[{"embeddable":true,"href":"https:\/\/www.savethedeco.com\/blog\/wp-json\/wp\/v2\/media\/2151"}],"wp:attachment":[{"href":"https:\/\/www.savethedeco.com\/blog\/wp-json\/wp\/v2\/media?parent=2144"}],"wp:term":[{"taxonomy":"category","embeddable":true,"href":"https:\/\/www.savethedeco.com\/blog\/wp-json\/wp\/v2\/categories?post=2144"},{"taxonomy":"post_tag","embeddable":true,"href":"https:\/\/www.savethedeco.com\/blog\/wp-json\/wp\/v2\/tags?post=2144"}],"curies":[{"name":"wp","href":"https:\/\/api.w.org\/{rel}","templated":true}]}}